{"id":981,"date":"2026-05-01T17:31:26","date_gmt":"2026-05-01T17:31:26","guid":{"rendered":"https:\/\/omcemedios.com\/omce\/?p=981"},"modified":"2026-05-01T17:31:27","modified_gmt":"2026-05-01T17:31:27","slug":"1-de-mayo-dia-del-trabajo-y-del-trabajador","status":"publish","type":"post","link":"https:\/\/omcemedios.com\/omce\/2026\/05\/01\/1-de-mayo-dia-del-trabajo-y-del-trabajador\/","title":{"rendered":"1 DE MAYO D\u00cdA DEL TRABAJO Y DEL TRABAJADOR"},"content":{"rendered":"\n<p><\/p>\n\n\n\n<p>El 1 de mayo suele llegar con discursos previsibles: cifras, promesas, balances y, por supuesto, el cl\u00e1sico \u201cfeliz D\u00eda del Trabajador\u201d. Pero tal vez este a\u00f1o, en 2026, convenga mirar esa frase con m\u00e1s honestidad: \u00bfqu\u00e9 estamos celebrando realmente?<\/p>\n\n\n\n<p>Decir \u201cfeliz\u201d no es solo una cortes\u00eda. Es un acto pol\u00edtico y humano. Es reconocer que el trabajo no deber\u00eda ser sin\u00f3nimo de desgaste, precariedad o incertidumbre, sino de dignidad. Y ah\u00ed est\u00e1 la tensi\u00f3n, en un pa\u00eds como Ecuador, donde muchos trabajan sin contrato, sin seguridad social o con ingresos que no alcanzan, el \u201cfeliz\u201d suena m\u00e1s a aspiraci\u00f3n que a realidad.<\/p>\n\n\n\n<figure class=\"wp-block-gallery has-nested-images columns-default is-cropped wp-block-gallery-1 is-layout-flex wp-block-gallery-is-layout-flex\">\n<figure class=\"wp-block-image size-large\"><img fetchpriority=\"high\" decoding=\"async\" width=\"1024\" height=\"417\" data-id=\"982\" src=\"https:\/\/omcemedios.com\/omce\/wp-content\/uploads\/2026\/05\/dia-del-trsaabajajaja-1024x417.avif\" alt=\"\" class=\"wp-image-982\" srcset=\"https:\/\/omcemedios.com\/omce\/wp-content\/uploads\/2026\/05\/dia-del-trsaabajajaja-1024x417.avif 1024w, https:\/\/omcemedios.com\/omce\/wp-content\/uploads\/2026\/05\/dia-del-trsaabajajaja-300x122.avif 300w, https:\/\/omcemedios.com\/omce\/wp-content\/uploads\/2026\/05\/dia-del-trsaabajajaja-768x313.avif 768w, https:\/\/omcemedios.com\/omce\/wp-content\/uploads\/2026\/05\/dia-del-trsaabajajaja-1536x626.avif 1536w, https:\/\/omcemedios.com\/omce\/wp-content\/uploads\/2026\/05\/dia-del-trsaabajajaja-2048x834.avif 2048w\" sizes=\"(max-width: 1024px) 100vw, 1024px\" \/><\/figure>\n<\/figure>\n\n\n\n<p>El origen de esta fecha no es festivo. Nace de la lucha, del conflicto, de trabajadores que exigieron algo tan b\u00e1sico como el tiempo: ocho horas para trabajar, ocho para descansar y ocho para vivir. M\u00e1s de un siglo despu\u00e9s, esa consigna sigue vigente, pero con nuevas formas de desigualdad: el empleo informal, el trabajo digital sin garant\u00edas, el cansancio que no se mide en horas sino en incertidumbre.<\/p>\n\n\n\n<p>Por eso, decir \u201cfeliz D\u00eda del Trabajador\u201d deber\u00eda implicar algo m\u00e1s profundo. No es solo felicitar al que tiene empleo, sino visibilizar al que lo busca, al que lo perdi\u00f3, al que lo sostiene en condiciones dif\u00edciles. Es reconocer a quienes madrugan, a quienes migran, a quienes emprenden por necesidad, a quienes cuidan sin salario.<\/p>\n\n\n\n<figure class=\"wp-block-gallery has-nested-images columns-default is-cropped wp-block-gallery-2 is-layout-flex wp-block-gallery-is-layout-flex\">\n<figure class=\"wp-block-image size-large\"><img decoding=\"async\" width=\"1024\" height=\"768\" data-id=\"983\" src=\"https:\/\/omcemedios.com\/omce\/wp-content\/uploads\/2026\/05\/dia-del-trabajo-og-1024x768.webp\" alt=\"\" class=\"wp-image-983\" srcset=\"https:\/\/omcemedios.com\/omce\/wp-content\/uploads\/2026\/05\/dia-del-trabajo-og-1024x768.webp 1024w, https:\/\/omcemedios.com\/omce\/wp-content\/uploads\/2026\/05\/dia-del-trabajo-og-300x225.webp 300w, https:\/\/omcemedios.com\/omce\/wp-content\/uploads\/2026\/05\/dia-del-trabajo-og-768x576.webp 768w, https:\/\/omcemedios.com\/omce\/wp-content\/uploads\/2026\/05\/dia-del-trabajo-og.webp 1400w\" sizes=\"(max-width: 1024px) 100vw, 1024px\" \/><\/figure>\n<\/figure>\n\n\n\n<p>El \u201cfeliz\u201d tambi\u00e9n es un recordatorio inc\u00f3modo para el poder, gobiernos, empresas y sociedad. Porque no puede haber felicidad donde no hay justicia laboral. No puede haber celebraci\u00f3n donde el trabajo no garantiza una vida digna.<\/p>\n\n\n\n<p>As\u00ed que s\u00ed, digamos \u201cfeliz D\u00eda del Trabajador\u201d. Pero dig\u00e1moslo con sentido. Como un deseo pendiente, como una meta colectiva, como una deuda que a\u00fan no terminamos de saldar.<\/p>\n\n\n\n<p>Porque el verdadero significado de este d\u00eda no es celebrar el trabajo\u2026 es reivindicar la dignidad de quienes lo hacen posible.<\/p>\n\n\n\n<figure class=\"wp-block-gallery has-nested-images columns-default is-cropped wp-block-gallery-3 is-layout-flex wp-block-gallery-is-layout-flex\">\n<figure class=\"wp-block-image size-large\"><img decoding=\"async\" width=\"1024\" height=\"538\" data-id=\"984\" src=\"https:\/\/omcemedios.com\/omce\/wp-content\/uploads\/2026\/05\/www.omcemedios.com-DIA-DEL-TRABAJOI-1024x538.png\" alt=\"\" class=\"wp-image-984\" srcset=\"https:\/\/omcemedios.com\/omce\/wp-content\/uploads\/2026\/05\/www.omcemedios.com-DIA-DEL-TRABAJOI-1024x538.png 1024w, https:\/\/omcemedios.com\/omce\/wp-content\/uploads\/2026\/05\/www.omcemedios.com-DIA-DEL-TRABAJOI-300x158.png 300w, https:\/\/omcemedios.com\/omce\/wp-content\/uploads\/2026\/05\/www.omcemedios.com-DIA-DEL-TRABAJOI-768x403.png 768w, https:\/\/omcemedios.com\/omce\/wp-content\/uploads\/2026\/05\/www.omcemedios.com-DIA-DEL-TRABAJOI.png 1200w\" sizes=\"(max-width: 1024px) 100vw, 1024px\" \/><\/figure>\n<\/figure>\n","protected":false},"excerpt":{"rendered":"<p>El 1 de mayo suele llegar con discursos previsibles: cifras, promesas, balances y, por supuesto, el cl\u00e1sico \u201cfeliz D\u00eda del Trabajador\u201d. Pero tal vez este a\u00f1o, en 2026, convenga mirar esa frase con m\u00e1s honestidad: \u00bfqu\u00e9 estamos celebrando realmente? Decir \u201cfeliz\u201d no es solo una cortes\u00eda. Es un acto pol\u00edtico y humano. Es reconocer que [&hellip;]<\/p>\n","protected":false},"author":1,"featured_media":982,"comment_status":"closed","ping_status":"closed","sticky":false,"template":"","format":"standard","meta":{"footnotes":""},"categories":[3],"tags":[],"class_list":["post-981","post","type-post","status-publish","format-standard","has-post-thumbnail","hentry","category-omcealdia"],"_links":{"self":[{"href":"https:\/\/omcemedios.com\/omce\/wp-json\/wp\/v2\/posts\/981","targetHints":{"allow":["GET"]}}],"collection":[{"href":"https:\/\/omcemedios.com\/omce\/wp-json\/wp\/v2\/posts"}],"about":[{"href":"https:\/\/omcemedios.com\/omce\/wp-json\/wp\/v2\/types\/post"}],"author":[{"embeddable":true,"href":"https:\/\/omcemedios.com\/omce\/wp-json\/wp\/v2\/users\/1"}],"replies":[{"embeddable":true,"href":"https:\/\/omcemedios.com\/omce\/wp-json\/wp\/v2\/comments?post=981"}],"version-history":[{"count":1,"href":"https:\/\/omcemedios.com\/omce\/wp-json\/wp\/v2\/posts\/981\/revisions"}],"predecessor-version":[{"id":985,"href":"https:\/\/omcemedios.com\/omce\/wp-json\/wp\/v2\/posts\/981\/revisions\/985"}],"wp:featuredmedia":[{"embeddable":true,"href":"https:\/\/omcemedios.com\/omce\/wp-json\/wp\/v2\/media\/982"}],"wp:attachment":[{"href":"https:\/\/omcemedios.com\/omce\/wp-json\/wp\/v2\/media?parent=981"}],"wp:term":[{"taxonomy":"category","embeddable":true,"href":"https:\/\/omcemedios.com\/omce\/wp-json\/wp\/v2\/categories?post=981"},{"taxonomy":"post_tag","embeddable":true,"href":"https:\/\/omcemedios.com\/omce\/wp-json\/wp\/v2\/tags?post=981"}],"curies":[{"name":"wp","href":"https:\/\/api.w.org\/{rel}","templated":true}]}}