{"id":969,"date":"2026-04-28T12:12:18","date_gmt":"2026-04-28T12:12:18","guid":{"rendered":"https:\/\/omcemedios.com\/omce\/?p=969"},"modified":"2026-04-28T12:12:21","modified_gmt":"2026-04-28T12:12:21","slug":"paco-salvador-felix-danza-constancia-identidad-y-creacion","status":"publish","type":"post","link":"https:\/\/omcemedios.com\/omce\/2026\/04\/28\/paco-salvador-felix-danza-constancia-identidad-y-creacion\/","title":{"rendered":"PACO SALVADOR F\u00c9LIX, DANZA, CONSTANCIA, IDENTIDAD Y CREACI\u00d3N"},"content":{"rendered":"\n<p><\/p>\n\n\n\n<p>Paco Salvador F\u00e9lix no es \u00fanicamente un nombre dentro de la danza ecuatoriana; es, ante todo, una historia viva de constancia, identidad y creaci\u00f3n. Su trayectoria, tejida a lo largo de d\u00e9cadas, revela a un artista integral: core\u00f3grafo, bailar\u00edn, acad\u00e9mico, investigador y gestor cultural que ha sabido convertir el movimiento en pensamiento y el pensamiento en legado.<\/p>\n\n\n\n<figure class=\"wp-block-gallery has-nested-images columns-default is-cropped wp-block-gallery-1 is-layout-flex wp-block-gallery-is-layout-flex\">\n<figure class=\"wp-block-image size-large\"><img fetchpriority=\"high\" decoding=\"async\" width=\"772\" height=\"1024\" data-id=\"974\" src=\"https:\/\/omcemedios.com\/omce\/wp-content\/uploads\/2026\/04\/paco-slacador-cfr-772x1024.jpg\" alt=\"\" class=\"wp-image-974\" srcset=\"https:\/\/omcemedios.com\/omce\/wp-content\/uploads\/2026\/04\/paco-slacador-cfr-772x1024.jpg 772w, https:\/\/omcemedios.com\/omce\/wp-content\/uploads\/2026\/04\/paco-slacador-cfr-226x300.jpg 226w, https:\/\/omcemedios.com\/omce\/wp-content\/uploads\/2026\/04\/paco-slacador-cfr-768x1019.jpg 768w, https:\/\/omcemedios.com\/omce\/wp-content\/uploads\/2026\/04\/paco-slacador-cfr-1158x1536.jpg 1158w, https:\/\/omcemedios.com\/omce\/wp-content\/uploads\/2026\/04\/paco-slacador-cfr.jpg 1440w\" sizes=\"(max-width: 772px) 100vw, 772px\" \/><\/figure>\n<\/figure>\n\n\n\n<p>Hace 55 a\u00f1os, con una visi\u00f3n adelantada a su tiempo, fund\u00f3 MUYACAN, un proyecto que no solo abri\u00f3 caminos, sino que sembr\u00f3 las bases de lo que hoy se reconoce como la danza neoind\u00edgena. Desde entonces, su obra ha cruzado fronteras, llevando la fuerza de los Andes a escenarios de Am\u00e9rica, Europa y Asia, donde cada presentaci\u00f3n ha sido una afirmaci\u00f3n de identidad y una invitaci\u00f3n al di\u00e1logo intercultural. Algunas veces tuve el honor de presentarlo en varios escenarios, recuerdo muy claro sus palabras en una de esta presentaciones en Quito \u201chijo, lo haces bonito, tu locuci\u00f3n y presentaci\u00f3n, adelante mijo , sigue prepar\u00e1ndote y guionando, &nbsp;tienes mucho camino\u201d . Quienes han asistido a los actos culturales donde baila y bailaba Paco saben que su generosidad art\u00edstica va m\u00e1s all\u00e1 de los movimientos art\u00edsticos tradicionales, propone otro tipo de danza, ya no la folkl\u00f3rica, alegando que ninguna tradici\u00f3n debe ser est\u00e1tica sino que debe gozar de un dinamismo, someterse a cambios, evoluciones y propuestas, presenta el concepto de danza popular una fusi\u00f3n entre danza contempor\u00e1nea y popular, es reconocido como el padre de la danza contempor\u00e1nea&nbsp; .<\/p>\n\n\n\n<figure class=\"wp-block-gallery has-nested-images columns-default is-cropped wp-block-gallery-2 is-layout-flex wp-block-gallery-is-layout-flex\">\n<figure class=\"wp-block-image size-large\"><img decoding=\"async\" width=\"300\" height=\"168\" data-id=\"976\" src=\"https:\/\/omcemedios.com\/omce\/wp-content\/uploads\/2026\/04\/pacoco-1.jpg\" alt=\"\" class=\"wp-image-976\"\/><\/figure>\n<\/figure>\n\n\n\n<p>Lo de su libro \u201cBailar en los Andes\u201d, es mucho m\u00e1s que una publicaci\u00f3n, es la s\u00edntesis de una vida dedicada a investigar, experimentar y vivir la danza desde m\u00faltiples dimensiones. En su presentaci\u00f3n, la MSc Mar\u00eda Fernanda Cartagena destac\u00f3 con rigor acad\u00e9mico la profundidad de esta obra, se\u00f1alando que se trata de un trabajo de gran envergadura que recoge d\u00e9cadas de reflexi\u00f3n te\u00f3rica y pr\u00e1ctica. En sus p\u00e1ginas, la danza se expande, se redefine y se entiende como un campo h\u00edbrido, abierto, en constante transformaci\u00f3n.<\/p>\n\n\n\n<p>. Cada evento se convierte en una experiencia viva, donde los actuales integrantes de MUYACAN comparten escenario con artistas invitados, creando momentos de encuentro que celebran la diversidad y la riqueza cultural.<\/p>\n\n\n\n<p>Este primer tomo que a\u00fan no lo leo, s\u00e9 que es tambi\u00e9n el fruto de una s\u00f3lida formaci\u00f3n acad\u00e9mica, resultado de sus estudios de maestr\u00eda en la Universidad Andina y FLACSO, lo que reafirma su compromiso con el conocimiento y la reflexi\u00f3n cr\u00edtica en torno a la danza.<\/p>\n\n\n\n<figure class=\"wp-block-gallery has-nested-images columns-default is-cropped wp-block-gallery-3 is-layout-flex wp-block-gallery-is-layout-flex\">\n<figure class=\"wp-block-image size-large\"><img decoding=\"async\" width=\"768\" height=\"1024\" data-id=\"978\" src=\"https:\/\/omcemedios.com\/omce\/wp-content\/uploads\/2026\/04\/pacfo-salvadro-45-1-768x1024.jpg\" alt=\"\" class=\"wp-image-978\" srcset=\"https:\/\/omcemedios.com\/omce\/wp-content\/uploads\/2026\/04\/pacfo-salvadro-45-1-768x1024.jpg 768w, https:\/\/omcemedios.com\/omce\/wp-content\/uploads\/2026\/04\/pacfo-salvadro-45-1-225x300.jpg 225w, https:\/\/omcemedios.com\/omce\/wp-content\/uploads\/2026\/04\/pacfo-salvadro-45-1-1152x1536.jpg 1152w, https:\/\/omcemedios.com\/omce\/wp-content\/uploads\/2026\/04\/pacfo-salvadro-45-1.jpg 1440w\" sizes=\"(max-width: 768px) 100vw, 768px\" \/><\/figure>\n<\/figure>\n\n\n\n<p>Hablar de Paco Salvador F\u00e9lix es hablar de un maestro que ha sabido bailar con el tiempo sin perder sus ra\u00edces. Su obra no solo se aplaude, se estudia, se siente y, sobre todo, se agradece.<\/p>\n\n\n\n<p>Felicitaciones, Paco. Tu legado sigue danzando. Un abrazo y adelante<\/p>\n","protected":false},"excerpt":{"rendered":"<p>Paco Salvador F\u00e9lix no es \u00fanicamente un nombre dentro de la danza ecuatoriana; es, ante todo, una historia viva de constancia, identidad y creaci\u00f3n. Su trayectoria, tejida a lo largo de d\u00e9cadas, revela a un artista integral: core\u00f3grafo, bailar\u00edn, acad\u00e9mico, investigador y gestor cultural que ha sabido convertir el movimiento en pensamiento y el pensamiento [&hellip;]<\/p>\n","protected":false},"author":1,"featured_media":971,"comment_status":"closed","ping_status":"closed","sticky":false,"template":"","format":"standard","meta":{"footnotes":""},"categories":[4],"tags":[],"class_list":["post-969","post","type-post","status-publish","format-standard","has-post-thumbnail","hentry","category-tradicion-y-cultura"],"_links":{"self":[{"href":"https:\/\/omcemedios.com\/omce\/wp-json\/wp\/v2\/posts\/969","targetHints":{"allow":["GET"]}}],"collection":[{"href":"https:\/\/omcemedios.com\/omce\/wp-json\/wp\/v2\/posts"}],"about":[{"href":"https:\/\/omcemedios.com\/omce\/wp-json\/wp\/v2\/types\/post"}],"author":[{"embeddable":true,"href":"https:\/\/omcemedios.com\/omce\/wp-json\/wp\/v2\/users\/1"}],"replies":[{"embeddable":true,"href":"https:\/\/omcemedios.com\/omce\/wp-json\/wp\/v2\/comments?post=969"}],"version-history":[{"count":1,"href":"https:\/\/omcemedios.com\/omce\/wp-json\/wp\/v2\/posts\/969\/revisions"}],"predecessor-version":[{"id":979,"href":"https:\/\/omcemedios.com\/omce\/wp-json\/wp\/v2\/posts\/969\/revisions\/979"}],"wp:featuredmedia":[{"embeddable":true,"href":"https:\/\/omcemedios.com\/omce\/wp-json\/wp\/v2\/media\/971"}],"wp:attachment":[{"href":"https:\/\/omcemedios.com\/omce\/wp-json\/wp\/v2\/media?parent=969"}],"wp:term":[{"taxonomy":"category","embeddable":true,"href":"https:\/\/omcemedios.com\/omce\/wp-json\/wp\/v2\/categories?post=969"},{"taxonomy":"post_tag","embeddable":true,"href":"https:\/\/omcemedios.com\/omce\/wp-json\/wp\/v2\/tags?post=969"}],"curies":[{"name":"wp","href":"https:\/\/api.w.org\/{rel}","templated":true}]}}