{"id":965,"date":"2026-04-25T18:49:58","date_gmt":"2026-04-25T18:49:58","guid":{"rendered":"https:\/\/omcemedios.com\/omce\/?p=965"},"modified":"2026-04-25T18:50:00","modified_gmt":"2026-04-25T18:50:00","slug":"mirador-politico-2","status":"publish","type":"post","link":"https:\/\/omcemedios.com\/omce\/2026\/04\/25\/mirador-politico-2\/","title":{"rendered":"MIRADOR POL\u00cdTICO"},"content":{"rendered":"\n<p><strong>IZQUIERDA vs DERECHA<\/strong><\/p>\n\n\n\n<p><strong>EXPERIENCIA FALLIDA EN ELECCIONES<\/strong><\/p>\n\n\n\n<p>Ayer me llamaron para felicitarme y apoyarme, porque seg\u00fan mi colega amigo, he decido ser candidato,\u00bb  ya era hora de que te lances al ruedo, t\u00fa SI ganas y te vas por la izquierda o por la derecha\u201d ,pregunt\u00f3. En otras palabras, que partido o movimiento pol\u00edtico te cobija.<\/p>\n\n\n\n<p>Uff \u00a0..reci\u00e9n me enteraba de aquella decisi\u00f3n que por muchos a\u00f1os he rechazado, pero lleg\u00f3 a mi recuerdo , que hace 4 a\u00f1os ya entregu\u00e9 mis documentos para ser inscrito y oficializar mi candidatura \u00a0,felizmente por la situaci\u00f3n de equidad , seg\u00fan el director del Partido, \u201cno pudieron inscribirme\u201d,esa fue la justificaci\u00f3n que me dio , como si no lo hubiere investigado antes de entregar mis documentos. \u201cPor favor me entrega mis documentos y cerremos todo esto, contest\u00e9\u201d. Desde ah\u00ed hasta ahora no he recordado dicho percance pol\u00edtico eleccionario, que estaba a punto de renunciar a ser periodista, para ejercer mi derecho de elegir y ser elegido.<\/p>\n\n\n\n<p>Aquella llamada me permiti\u00f3 seguir conversando con mi amigo que me dio tan importante noticia falsa o fake new y hablar un poco de lo que significa ser candidato o candidata \u201cde izquierda\u201d o \u201cde derecha\u201d que desde alg\u00fan tiempo atr\u00e1s conoc\u00ed que esto no es solo una etiqueta, sino una forma de entender c\u00f3mo debe organizarse la sociedad, la econom\u00eda y el poder.<\/p>\n\n\n\n<p><strong>SER CANDIDATO O CANDIDATA \u201cDE IZQUIERDA\u201d O \u201cDE DERECHA\u201d<\/strong><\/p>\n\n\n\n<p>En el contexto ecuatoriano actual, esas categor\u00edas si existen, pero casi siempre se diluyen en la pr\u00e1ctica pol\u00edtica.<\/p>\n\n\n\n<p>Analicemos, la izquierda, en t\u00e9rminos generales, prioriza; el rol del Estado en garantizar derechos (salud, educaci\u00f3n, empleo), la redistribuci\u00f3n de la riqueza, la protecci\u00f3n de sectores vulnerables. En Ecuador, esto ha estado hist\u00f3ricamente ligado a proyectos en algunos gobiernos pasados, donde se fortaleci\u00f3 el Estado, pero tambi\u00e9n se generaron debates sobre concentraci\u00f3n de poder y sostenibilidad econ\u00f3mica.<\/p>\n\n\n\n<p>La derecha, por su parte, enfatiza, la libertad econ\u00f3mica y el mercado, la inversi\u00f3n privada como motor de desarrollo, un Estado m\u00e1s limitado y eficiente.<\/p>\n\n\n\n<p>En el pa\u00eds, gobiernos como el actual se ubican m\u00e1s hacia este espectro, promoviendo apertura econ\u00f3mica, aunque enfrentan retos en seguridad, empleo y gobernabilidad.<\/p>\n\n\n\n<p>Pero cual es la realidad ecuatoriana (m\u00e1s all\u00e1 de etiquetas), el Ecuador no vive una \u201cpureza ideol\u00f3gica\u201d. &nbsp;&nbsp;En la pr\u00e1ctica, vemos con preocupaci\u00f3n que gobiernos de izquierda han aplicado medidas de mercado, gobiernos de derecha han tenido que intervenir fuertemente en lo social y la ciudadan\u00eda est\u00e1 m\u00e1s preocupada por seguridad, empleo y estabilidad que por ideolog\u00edas.<\/p>\n\n\n\n<p>Hoy el pa\u00eds enfrenta y esto todos saben; los de derecha y los de izquierda conocen que tenemos una crisis de seguridad sin precedentes, hay desempleo y econom\u00eda informal creciente, existe desconfianza en toda la clase pol\u00edtica.<\/p>\n\n\n\n<p>En lo referente a las elecciones y el voto esto ha generado algo clave, parece que &nbsp;el voto ya no es ideol\u00f3gico, es pragm\u00e1tico.<\/p>\n\n\n\n<p>Y no es que se trate de que los culpables sean \u201cde la izquierda y\/o los de la derecha\u201d, sino debemos prepararnos, investigar y tener respuestas a preguntas concretas;Preg\u00fantese o pregunten. <\/p>\n\n\n\n<p>\u00bfQui\u00e9n tiene un plan serio para enfrentar la inseguridad?<\/p>\n\n\n\n<p>\u00bfQui\u00e9n propone soluciones viables para generar empleo?<\/p>\n\n\n\n<p>\u00bfQui\u00e9n demuestra capacidad de gobernar y no solo discurso?<\/p>\n\n\n\n<p>\u00bfQui\u00e9n tiene equipos t\u00e9cnicos s\u00f3lidos, no solo figuras medi\u00e1ticas?<\/p>\n\n\n\n<p>La experiencia reciente en Ecuador demuestra que, el populismo (de cualquier lado) termina debilitando las instituciones, la improvisaci\u00f3n pol\u00edtica cuesta caro al pa\u00eds, los extremos polarizan, pero no resuelven.<\/p>\n\n\n\n<p>Eso todos sabemos dir\u00e1n algunos pol\u00edticos entendidos, y \u201ctu silencio aupado de neutralidad se convierte en complicidad\u201d dijeron. Pero la pregunta como pregunt\u00f3n que soy , la formulo abiertamante , que hacer , que debe hacer el ciudadano de a pie en las pr\u00f3ximas elecciones pluripersonales \u00a0\u00bfqu\u00e9 hacer y por qui\u00e9n ir?<\/p>\n\n\n\n<p>Desde mi profesi\u00f3n siempre he pensado que No es responsable decir \u201cvota por X persona\u201d, sin conocer sus planteamientos y quien es el candidato, pero s\u00ed lo he dicho y con claridad,<\/p>\n\n\n\n<p>No votar por ideolog\u00eda, votar por capacidad, he realizado en varias \u00e9pocas de campa\u00f1a, entrevistas, reportajes, debates para buscar juntos, candidatos con trayectoria verificable, propuestas concretas (no solo promesas emocionales), equipos t\u00e9cnicos, no improvisados, coherencia entre lo que dicen, lo que ofrecen lo que han hecho, poco\u2026 que hicieron. Es un mea culpa el NO analizar lo que hicieron luego de lograr el curul y tener el poder, nos conformamos con la \u201crendici\u00f3n de cuentas\u201d, este tema desde este a\u00f1o iremos procesando para estas elecciones<\/p>\n\n\n\n<p>Algo fundamental que este a\u00f1o 2026 sucede en Ecuador y es como prioridad nacional, recuperar la seguridad y la institucionalidad.<\/p>\n\n\n\n<p>Ecuador necesita menos fanatismo y m\u00e1s responsabilidad ciudadana, ni la izquierda por s\u00ed sola salvar\u00e1 al pa\u00eds, ni la derecha lo har\u00e1 autom\u00e1ticamente.<\/p>\n\n\n\n<p>El cambio real vendr\u00e1 cuando el ciudadano deje de votar por emoci\u00f3n, miedo o marketing, y empiece a votar con criterio. As\u00ed que su voto no debe ser un acto de fe, sino un acto de conciencia.<\/p>\n\n\n\n<p>Ahora si,  invito a lo que estamos en proceso de organizacion final para iniciar desde el 4 de mayo de lunes a viernes desde las 18H a ver y participar en el Mirador Pol\u00edtico 2026, ahora aliados a una gran cadena internacional de Plataformas y medios de comunicaci\u00f3n.<\/p>\n\n\n\n<p>Radio emisoras, plataformas, redes sociales, OMCEmedios, Nortv, ser\u00e1n los medios por donde se difundir\u00e1 \u201cen vivo\u201d el Mirador Pol\u00edtico con el objetivo de siempre, ofrecer espacios de entrevistas y debates para conocer a los candidatos, sus planteamientos y con conocimiento sufragar el pr\u00f3ximo 29 de noviembre. Con detalle ampliaremso sobre estas \u00a0elecciones 2026 que del 2 al 7 de agosto del 2026 son las inscripciones para los candidatos de las adelantadas elecciones seccionales que se realizar\u00e1 el domingo 29 de noviembre del 2026 en el pa\u00eds y que se elegir\u00e1n hombres y mujeres; Alcaldes ,Prefectos, Vice prefectas, Concejales urbanos y rurales y vocales de las Juntas Parroquiales.<\/p>\n\n\n\n<p>Los m\u00e1s de 18 millones de ecuatorianos elegir\u00e1n m\u00e1s de 11.000 autoridades, entre principales y suplentes. A nivel nacional se elegir\u00e1n 23 binomios, Prefectos y Viceprefectos, en igual n\u00famero de provincias, excepto Gal\u00e1pagos.<\/p>\n\n\n\n<p>Adem\u00e1s, 221 autoridades municipales, Alcaldes, en todo el pa\u00eds. En las 24 provincias tambi\u00e9n se elegir\u00e1n m\u00e1s de 11 mil autoridades, entre Concejales urbanos y rurales (principal y suplentes) y vocales de las Juntas Parroquiales<\/p>\n\n\n\n<p>El 29 de noviembre del 2026, por primera vez, se elegir\u00e1n 7 miembros principales y 7 suplentes del Consejo de Participaci\u00f3n Ciudadana y Control Social. Seg\u00fan el calendario aprobado, la campa\u00f1a electoral inicia el jueves 12 de noviembre del 2026 y durar\u00e1 15 d\u00edas, es decir el 26 de noviembre de este mismo a\u00f1o.<\/p>\n\n\n\n<p>El jueves 26 de noviembre sufragar\u00e1n las Personas Privadas de Libertad y al siguiente d\u00eda es el sufragio \u201cVoto en casa\u201d. Del viernes 27 al domingo 29 de noviembre es el silencio electoral.&nbsp; Las elecciones de estas dignidades estaban previstas para el 14 de febrero del 2027, pero el Consejo Nacional Electoral inform\u00f3 que se cambi\u00f3 de fecha, el domingo 29 de noviembre de 2026, \u201ccomo medida preventiva frente a las fuertes lluvias previstas por el fen\u00f3meno de El Ni\u00f1o, con el objetivo de garantizar el ejercicio pleno del derecho al voto\u201d<\/p>\n\n\n\n<p><\/p>\n","protected":false},"excerpt":{"rendered":"<p>IZQUIERDA vs DERECHA EXPERIENCIA FALLIDA EN ELECCIONES Ayer me llamaron para felicitarme y apoyarme, porque seg\u00fan mi colega amigo, he decido ser candidato,\u00bb ya era hora de que te lances al ruedo, t\u00fa SI ganas y te vas por la izquierda o por la derecha\u201d ,pregunt\u00f3. En otras palabras, que partido o movimiento pol\u00edtico te [&hellip;]<\/p>\n","protected":false},"author":1,"featured_media":967,"comment_status":"closed","ping_status":"closed","sticky":false,"template":"","format":"standard","meta":{"footnotes":""},"categories":[3],"tags":[],"class_list":["post-965","post","type-post","status-publish","format-standard","has-post-thumbnail","hentry","category-omcealdia"],"_links":{"self":[{"href":"https:\/\/omcemedios.com\/omce\/wp-json\/wp\/v2\/posts\/965","targetHints":{"allow":["GET"]}}],"collection":[{"href":"https:\/\/omcemedios.com\/omce\/wp-json\/wp\/v2\/posts"}],"about":[{"href":"https:\/\/omcemedios.com\/omce\/wp-json\/wp\/v2\/types\/post"}],"author":[{"embeddable":true,"href":"https:\/\/omcemedios.com\/omce\/wp-json\/wp\/v2\/users\/1"}],"replies":[{"embeddable":true,"href":"https:\/\/omcemedios.com\/omce\/wp-json\/wp\/v2\/comments?post=965"}],"version-history":[{"count":1,"href":"https:\/\/omcemedios.com\/omce\/wp-json\/wp\/v2\/posts\/965\/revisions"}],"predecessor-version":[{"id":968,"href":"https:\/\/omcemedios.com\/omce\/wp-json\/wp\/v2\/posts\/965\/revisions\/968"}],"wp:featuredmedia":[{"embeddable":true,"href":"https:\/\/omcemedios.com\/omce\/wp-json\/wp\/v2\/media\/967"}],"wp:attachment":[{"href":"https:\/\/omcemedios.com\/omce\/wp-json\/wp\/v2\/media?parent=965"}],"wp:term":[{"taxonomy":"category","embeddable":true,"href":"https:\/\/omcemedios.com\/omce\/wp-json\/wp\/v2\/categories?post=965"},{"taxonomy":"post_tag","embeddable":true,"href":"https:\/\/omcemedios.com\/omce\/wp-json\/wp\/v2\/tags?post=965"}],"curies":[{"name":"wp","href":"https:\/\/api.w.org\/{rel}","templated":true}]}}