{"id":963,"date":"2026-04-25T17:13:02","date_gmt":"2026-04-25T17:13:02","guid":{"rendered":"https:\/\/omcemedios.com\/omce\/?p=963"},"modified":"2026-04-25T17:13:06","modified_gmt":"2026-04-25T17:13:06","slug":"elecciones-pluripersonales","status":"publish","type":"post","link":"https:\/\/omcemedios.com\/omce\/2026\/04\/25\/elecciones-pluripersonales\/","title":{"rendered":"ELECCIONES PLURIPERSONALES"},"content":{"rendered":"\n<p>Las frutas ya se mueven, los precandidatos unos esperan las consabidas \u201cprimarias\u201d para presentarse oficialmente, otros ya se \u201clanzaron\u201d algunos no se deciden todav\u00eda, varios quieren, pero no tienen movimiento o partido pol\u00edtico que los auspicie, en fin, hay precandidatos que ya est\u00e1n definidos y las primarias los realizar\u00e1n para \u00fanicamente cumplir, es decir \u201cya est\u00e1 amarrado\u201d, cruel realidad y muchos dir\u00e1n es la democracia.<br>Recordando a las elecciones anteriores en Otavalo cuando hubo trece candidatos para una alcald\u00eda, nos hicimos la pregunta es \u00bfpluralidad o dispersi\u00f3n?<br>Para la posible respuesta es necesario analizar que, en un cant\u00f3n de m\u00e1s de 125.000 habitantes, tener 13 candidatos, puede parecer apertura democr\u00e1tica, pero tambi\u00e9n puede significar, atomizaci\u00f3n del voto, gobiernos d\u00e9biles sin legitimidad social s\u00f3lida, concejos municipales fragmentados, dificultad para construir gobernabilidad, candidaturas nacidas del ego, no del servicio, luego de este an\u00e1lisis seguro tiene clara la respuesta .As\u00ed, est\u00e1 claro que la democracia no es llenar una papeleta, es construir destino.<br>Las elecciones pluripersonales del 29 de noviembre de 2026 no deber\u00edan entenderse como una competencia de nombres, sino como una decisi\u00f3n sobre el tipo de sociedad que queremos sostener. En Ecuador se elegir\u00e1n 5.742 autoridades, entre ellas alcaldes y concejales, en un proceso adelantado por decisi\u00f3n del CNE.<\/p>\n\n\n\n<figure class=\"wp-block-gallery has-nested-images columns-default is-cropped wp-block-gallery-1 is-layout-flex wp-block-gallery-is-layout-flex\">\n<figure class=\"wp-block-image size-large\"><img fetchpriority=\"high\" decoding=\"async\" width=\"1024\" height=\"454\" data-id=\"922\" src=\"https:\/\/omcemedios.com\/omce\/wp-content\/uploads\/2026\/03\/muncicipio-otavalo-1-1024x454.jpeg\" alt=\"\" class=\"wp-image-922\" srcset=\"https:\/\/omcemedios.com\/omce\/wp-content\/uploads\/2026\/03\/muncicipio-otavalo-1-1024x454.jpeg 1024w, https:\/\/omcemedios.com\/omce\/wp-content\/uploads\/2026\/03\/muncicipio-otavalo-1-300x133.jpeg 300w, https:\/\/omcemedios.com\/omce\/wp-content\/uploads\/2026\/03\/muncicipio-otavalo-1-768x340.jpeg 768w, https:\/\/omcemedios.com\/omce\/wp-content\/uploads\/2026\/03\/muncicipio-otavalo-1.jpeg 1280w\" sizes=\"(max-width: 1024px) 100vw, 1024px\" \/><\/figure>\n<\/figure>\n\n\n\n<p><br>La Delegaci\u00f3n Provincial Electoral de Imbabura, del Consejo Nacional Electoral, inform\u00f3 que se actualiz\u00f3 la distribuci\u00f3n de concejales urbanos y rurales en los cantones de la provincia de cara a las elecciones seccionales de 2027, en funci\u00f3n del crecimiento poblacional reflejado en el Censo 2022; entre los cambios destacan Ibarra, que pasa de 9 a 11 concejales (9 urbanos y 2 rurales), Otavalo modifica su composici\u00f3n a 4 urbanos y 5 rurales, mientras cantones como Antonio Ante y Pimampiro tambi\u00e9n ajustan su representaci\u00f3n para garantizar una distribuci\u00f3n acorde a la realidad demogr\u00e1fica.<br>En Otavalo en estas elecciones del 2026, de no haber consensos se prev\u00e9 tener de 8 a 10, entre candidatas y candidatos.<br>\u00bfQui\u00e9n deber\u00e1 ser candidata o candidato? Otra pregunta necesaria. Conociendo que la democracia se debilita cuando la candidatura se convierte en un acto de figuraci\u00f3n, primero creo con mucho respeto que NO se debe aceptar una candidatura por, apellido, compadrazgo, cuotas familiares, revancha pol\u00edtica, c\u00e1lculo, deseo de notoriedad. NO\u2026 Quien entra por ego gobierna para s\u00ed mismo, quien entra por vocaci\u00f3n y servicio gobierna para y con el pueblo.<br>Desde Otavalo, donde la pol\u00edtica tiene memoria, identidad y heridas, hay una verdad inc\u00f3moda que debemos decir, la sobreoferta de candidaturas no siempre es sin\u00f3nimo de democracia, lo he dicho, a veces es s\u00edntoma de fragmentaci\u00f3n, improvisaci\u00f3n y vanidad pol\u00edtica.<br>\u00bfQui\u00e9n es la candidata o el candidato id\u00f3neo?<br>No necesariamente el m\u00e1s carism\u00e1tico. No el que m\u00e1s gasta en campa\u00f1a. No el que llena plazas con m\u00fasica o espect\u00e1culos.<br>El candidato id\u00f3neo es quien demuestra, integridad probada, que su trayectoria no est\u00e9 manchada por corrupci\u00f3n, contratos oscuros o clientelismo, que tenga capacidad t\u00e9cnica, administrar un municipio no es improvisar, es saber de presupuesto, ordenamiento territorial, agua, movilidad, seguridad, gesti\u00f3n p\u00fablica.<br>Que no sea reh\u00e9n de grupos econ\u00f3micos, mafias, caudillos o estructuras partidarias que luego capturan el poder, que tenga visi\u00f3n de largo plazo, no ofrecer solo adoquines, fiestas o parques, sino modelo de ciudad, que tenga capacidad para unir.<br>Una alcaldesa o un alcalde no puede gobernar solo para quienes votaron por \u00e9l.<br>Nuestra corresponsabilidad como ciudadanos, no se debe votar por emoci\u00f3n, debe votar por evaluaci\u00f3n.<br>Preg\u00fantese, antes de votar, revise; Qu\u00e9 hizo antes este candidato, \u00bfC\u00f3mo administr\u00f3 recursos si ya tuvo cargos? \u00bfTiene plan de gobierno serio o solo slogans? \u00bfCon qui\u00e9n se rodea? \u00bfQui\u00e9n financia su campa\u00f1a? \u00bfPodr\u00e1 explicar c\u00f3mo combatir\u00e1 corrupci\u00f3n e inseguridad? \u00bfDebati\u00f3 p\u00fablicamente o evit\u00f3 confrontar ideas? Si un candidato no resiste preguntas, no merece poder.<br>Recuerde la regla democr\u00e1tica de oro, no vote por regalos, no por miedo, no vote por resentimiento. Vote por quien pueda rendir cuentas, eliminar corrupci\u00f3n con el voto, la corrupci\u00f3n no empieza cuando roban desde el cargo, empieza cuando el ciudadano normaliza; comprar votos, vender conciencia, elegir al \u201cmenos malo\u201d, a la m\u00e1s \u201cguapa o al m\u00e1s guapo\u201d, justificar al corrupto \u201cporque hizo obras\u201d. Ah\u00ed nace la impunidad.<br>Hoy Ecuador vive una crisis severa y el elector debe exigir que los candidatos hablen de, coordinaci\u00f3n con polic\u00eda, control territorial, iluminaci\u00f3n y espacio p\u00fablico seguro, prevenci\u00f3n social para j\u00f3venes, combate a econom\u00edas criminales, transparencia en contrataci\u00f3n p\u00fablica. Inseguridad, no se combate con discursos, la corrupci\u00f3n e inseguridad suelen caminar juntas.<\/p>\n\n\n\n<figure class=\"wp-block-gallery has-nested-images columns-default is-cropped wp-block-gallery-2 is-layout-flex wp-block-gallery-is-layout-flex\"><div class=\"wp-block-image\">\n<figure class=\"alignright size-large\"><img decoding=\"async\" width=\"444\" height=\"113\" data-id=\"811\" src=\"https:\/\/omcemedios.com\/omce\/wp-content\/uploads\/2026\/02\/otavalo-moderno-images.jpg\" alt=\"\" class=\"wp-image-811\" srcset=\"https:\/\/omcemedios.com\/omce\/wp-content\/uploads\/2026\/02\/otavalo-moderno-images.jpg 444w, https:\/\/omcemedios.com\/omce\/wp-content\/uploads\/2026\/02\/otavalo-moderno-images-300x76.jpg 300w\" sizes=\"(max-width: 444px) 100vw, 444px\" \/><\/figure>\n<\/div><\/figure>\n\n\n\n<p><br>\u00bfQu\u00e9 deben reflexionar los futuros concejales?<br>Muchos creen que ser concejal es ocupar una curul y ser \u201cautoridad\u201d . No. Un concejal es fiscalizador y legislador del pueblo es la voz de la ciudadania ante el Concejo, debe dejar de verse como, operador pol\u00edtico, levantamanos del alcalde, intermediario de favores, gestor de puestos. Debe ser contrapeso institucional, un mal concejal hombre o mujer puede destruir un buen gobierno. Un buen o buena <\/p>\n\n\n\n<p><\/p>\n\n\n\n<p>Y para cerrar algo que tambi\u00e9n nos compete. \u00bfC\u00f3mo deben incidir los medios de comunicaci\u00f3n en estas elecciones y siempre?<br>Aqu\u00ed los medios de comunicaci\u00f3n tienen una enorme responsabilidad. No deben actuar como propaganda. Deben hacer un verdadero periodismo.<br>Su deber es, organizar debates serios, verificar hojas de vida, investigar patrimonios, revelar conflictos de inter\u00e9s, desmontar noticias falsas, confrontar promesas imposibles, educar para votar.<br>Un medio que solo promociona candidatos traiciona a la democracia, un medio de comunicaci\u00f3n libre con la verdad debe incomodar al poder antes y despu\u00e9s de la elecci\u00f3n.<br>La gran reforma cultural pendiente, el problema no es solo qui\u00e9n gana. Es c\u00f3mo estamos eligiendo. Ecuador necesita pasar de una democracia electoral a una democracia consciente. Menos candidatos improvisados, m\u00e1s liderazgo serio, menos marketing, m\u00e1s ideas, menos caudillos, m\u00e1s ciudadan\u00eda.<br>Para los que no votan, mal llamados indecisos y \u201cmejor\u201d pagan la multa aumentado el ausentismo, el voto no es un tr\u00e1mite, es un acto moral. El 29 de noviembre el ciudadano no elegir\u00e1 solo prefectos, alcaldes, concejales, Juntas parroquiales y sus vocales, NO. Elegir\u00e1 tambi\u00e9n si quiere tolerar la corrupci\u00f3n, improvisaci\u00f3n e inseguridad\u2026o empezar a derrotarlas desde la urna y con su voto.<\/p>\n\n\n\n<p><br>Una verdad sigue intacta, los malos pol\u00edticos no llegan solos al poder, llegan porque ciudadanos buenos votaron sin pensar, y tal vez esta elecci\u00f3n deba empezar por una reflexi\u00f3n simple. Hoy votar\u00e9, No por qui\u00e9n quiere gobernarme\u2026 sino por qui\u00e9n merece hacerlo.<br>18 abril 2026<\/p>\n","protected":false},"excerpt":{"rendered":"<p>Las frutas ya se mueven, los precandidatos unos esperan las consabidas \u201cprimarias\u201d para presentarse oficialmente, otros ya se \u201clanzaron\u201d algunos no se deciden todav\u00eda, varios quieren, pero no tienen movimiento o partido pol\u00edtico que los auspicie, en fin, hay precandidatos que ya est\u00e1n definidos y las primarias los realizar\u00e1n para \u00fanicamente cumplir, es decir \u201cya [&hellip;]<\/p>\n","protected":false},"author":1,"featured_media":921,"comment_status":"closed","ping_status":"closed","sticky":false,"template":"","format":"standard","meta":{"footnotes":""},"categories":[3],"tags":[],"class_list":["post-963","post","type-post","status-publish","format-standard","has-post-thumbnail","hentry","category-omcealdia"],"_links":{"self":[{"href":"https:\/\/omcemedios.com\/omce\/wp-json\/wp\/v2\/posts\/963","targetHints":{"allow":["GET"]}}],"collection":[{"href":"https:\/\/omcemedios.com\/omce\/wp-json\/wp\/v2\/posts"}],"about":[{"href":"https:\/\/omcemedios.com\/omce\/wp-json\/wp\/v2\/types\/post"}],"author":[{"embeddable":true,"href":"https:\/\/omcemedios.com\/omce\/wp-json\/wp\/v2\/users\/1"}],"replies":[{"embeddable":true,"href":"https:\/\/omcemedios.com\/omce\/wp-json\/wp\/v2\/comments?post=963"}],"version-history":[{"count":1,"href":"https:\/\/omcemedios.com\/omce\/wp-json\/wp\/v2\/posts\/963\/revisions"}],"predecessor-version":[{"id":964,"href":"https:\/\/omcemedios.com\/omce\/wp-json\/wp\/v2\/posts\/963\/revisions\/964"}],"wp:featuredmedia":[{"embeddable":true,"href":"https:\/\/omcemedios.com\/omce\/wp-json\/wp\/v2\/media\/921"}],"wp:attachment":[{"href":"https:\/\/omcemedios.com\/omce\/wp-json\/wp\/v2\/media?parent=963"}],"wp:term":[{"taxonomy":"category","embeddable":true,"href":"https:\/\/omcemedios.com\/omce\/wp-json\/wp\/v2\/categories?post=963"},{"taxonomy":"post_tag","embeddable":true,"href":"https:\/\/omcemedios.com\/omce\/wp-json\/wp\/v2\/tags?post=963"}],"curies":[{"name":"wp","href":"https:\/\/api.w.org\/{rel}","templated":true}]}}