{"id":959,"date":"2026-04-24T18:05:34","date_gmt":"2026-04-24T18:05:34","guid":{"rendered":"https:\/\/omcemedios.com\/omce\/?p=959"},"modified":"2026-04-24T18:05:55","modified_gmt":"2026-04-24T18:05:55","slug":"condecoraciones-en-ibarra","status":"publish","type":"post","link":"https:\/\/omcemedios.com\/omce\/2026\/04\/24\/condecoraciones-en-ibarra\/","title":{"rendered":"CONDECORACIONES EN IBARRA."},"content":{"rendered":"\n<p><\/p>\n\n\n\n<p>El Concejo Municipal de Ibarra aprob\u00f3 el informe presentado por la Comisi\u00f3n de Cultura que define las condecoraciones oficiales a entregarse el pr\u00f3ximo 28 de abril, en el marco de las festividades por El Retorno, una de las fechas m\u00e1s emblem\u00e1ticas de la ciudad.<\/p>\n\n\n<div class=\"wp-block-image\">\n<figure class=\"alignright size-large\"><img fetchpriority=\"high\" decoding=\"async\" width=\"409\" height=\"612\" src=\"https:\/\/omcemedios.com\/omce\/wp-content\/uploads\/2026\/04\/ibarararara-.jpg\" alt=\"\" class=\"wp-image-961\" srcset=\"https:\/\/omcemedios.com\/omce\/wp-content\/uploads\/2026\/04\/ibarararara-.jpg 409w, https:\/\/omcemedios.com\/omce\/wp-content\/uploads\/2026\/04\/ibarararara--200x300.jpg 200w\" sizes=\"(max-width: 409px) 100vw, 409px\" \/><\/figure>\n<\/div>\n\n\n<p>De las cinco preseas contempladas en la ordenanza municipal, \u00fanicamente dos ser\u00e1n otorgadas este a\u00f1o, tras el proceso de evaluaci\u00f3n de postulaciones y el cumplimiento de requisitos establecidos.<\/p>\n\n\n\n<p>Condecoraciones aprobadas; \u201cAbelardo Mor\u00e1n Mu\u00f1oz\u201d. Dirigida a comunicadores, escritores, cineastas y medios, premiando al menos diez a\u00f1os de labor en defensa de la libertad de expresi\u00f3n, la democracia y los valores ciudadanos. Ser\u00e1 conferida al periodista profesional Patricio Meneses, ex presidente del Colegio de Periodistas de Imbabura, en reconocimiento a su trayectoria en el \u00e1mbito de la comunicaci\u00f3n. Su candidatura fue presentada por la Comandancia de Polic\u00eda.<\/p>\n\n\n\n<p>\u201cJos\u00e9 Tobar Tobar\u201d: Se otorgar\u00e1 a la deportista Paula Andrea Jara Andrade, destacada por su desempe\u00f1o y representaci\u00f3n deportiva.<\/p>\n\n\n\n<p>Condecoraciones desiertas, el informe tambi\u00e9n detalla que tres reconocimientos no ser\u00e1n entregados este a\u00f1o: \u201cTeodoro G\u00f3mez de la Torre\u201d: Sin postulantes.&nbsp; \u201cPedro Moncayo\u201d: Sin postulantes.&nbsp; \u201cAlfredo P\u00e9rez Guerrero\u201d: Dos postulaciones fueron presentadas, pero ninguna cumpli\u00f3 con los requisitos establecidos.<\/p>\n\n\n\n<p>La decisi\u00f3n de declarar desiertas tres de las cinco condecoraciones deja varias lecturas que invitan a la reflexi\u00f3n institucional y ciudadana.<\/p>\n\n\n\n<p>Por un lado, evidencia una baja participaci\u00f3n en los procesos de postulaci\u00f3n, lo que puede interpretarse como falta de articulaci\u00f3n entre el Municipio, las organizaciones sociales y los sectores llamados a proponer candidatos. Resulta llamativo que reconocimientos de alto valor simb\u00f3lico, como los de car\u00e1cter c\u00edvico e intelectual, no hayan despertado inter\u00e9s o no hayan contado con perfiles que cumplan los requisitos.<\/p>\n\n\n\n<p>Por otro lado, el caso de la condecoraci\u00f3n \u201cAbelardo Mor\u00e1n Mu\u00f1oz\u201d abre un debate importante. Si bien la trayectoria del colega homenajeado &nbsp;es conocida en el \u00e1mbito period\u00edstico local, la ausencia de un respaldo expl\u00edcito de los gremios period\u00edsticos de Imbabura podr\u00eda debilitar la legitimidad colectiva del reconocimiento.<\/p>\n\n\n\n<p>M\u00e1s que cuestionar al galardonado, el punto de fondo es la necesidad de fortalecer los mecanismos de postulaci\u00f3n y validaci\u00f3n, promoviendo procesos m\u00e1s participativos, abiertos y respaldados por las instituciones correspondientes. Las condecoraciones no solo premian trayectorias individuales, sino que tambi\u00e9n reflejan el nivel de cohesi\u00f3n y reconocimiento de una comunidad hacia sus referentes.<\/p>\n\n\n\n<p>Este escenario deber\u00eda ser asumido como una oportunidad para que el Municipio de Ibarra, en futuras ediciones, impulse una convocatoria m\u00e1s amplia, clara y articulada, que motive la participaci\u00f3n de la ciudadan\u00eda organizada y garantice que estas distinciones est\u00e9n a la altura de la historia y el significado de las fiestas de El Retorno.<\/p>\n","protected":false},"excerpt":{"rendered":"<p>El Concejo Municipal de Ibarra aprob\u00f3 el informe presentado por la Comisi\u00f3n de Cultura que define las condecoraciones oficiales a entregarse el pr\u00f3ximo 28 de abril, en el marco de las festividades por El Retorno, una de las fechas m\u00e1s emblem\u00e1ticas de la ciudad. De las cinco preseas contempladas en la ordenanza municipal, \u00fanicamente dos [&hellip;]<\/p>\n","protected":false},"author":1,"featured_media":961,"comment_status":"closed","ping_status":"closed","sticky":false,"template":"","format":"standard","meta":{"footnotes":""},"categories":[4],"tags":[],"class_list":["post-959","post","type-post","status-publish","format-standard","has-post-thumbnail","hentry","category-tradicion-y-cultura"],"_links":{"self":[{"href":"https:\/\/omcemedios.com\/omce\/wp-json\/wp\/v2\/posts\/959","targetHints":{"allow":["GET"]}}],"collection":[{"href":"https:\/\/omcemedios.com\/omce\/wp-json\/wp\/v2\/posts"}],"about":[{"href":"https:\/\/omcemedios.com\/omce\/wp-json\/wp\/v2\/types\/post"}],"author":[{"embeddable":true,"href":"https:\/\/omcemedios.com\/omce\/wp-json\/wp\/v2\/users\/1"}],"replies":[{"embeddable":true,"href":"https:\/\/omcemedios.com\/omce\/wp-json\/wp\/v2\/comments?post=959"}],"version-history":[{"count":1,"href":"https:\/\/omcemedios.com\/omce\/wp-json\/wp\/v2\/posts\/959\/revisions"}],"predecessor-version":[{"id":962,"href":"https:\/\/omcemedios.com\/omce\/wp-json\/wp\/v2\/posts\/959\/revisions\/962"}],"wp:featuredmedia":[{"embeddable":true,"href":"https:\/\/omcemedios.com\/omce\/wp-json\/wp\/v2\/media\/961"}],"wp:attachment":[{"href":"https:\/\/omcemedios.com\/omce\/wp-json\/wp\/v2\/media?parent=959"}],"wp:term":[{"taxonomy":"category","embeddable":true,"href":"https:\/\/omcemedios.com\/omce\/wp-json\/wp\/v2\/categories?post=959"},{"taxonomy":"post_tag","embeddable":true,"href":"https:\/\/omcemedios.com\/omce\/wp-json\/wp\/v2\/tags?post=959"}],"curies":[{"name":"wp","href":"https:\/\/api.w.org\/{rel}","templated":true}]}}