{"id":894,"date":"2026-03-07T23:07:14","date_gmt":"2026-03-07T23:07:14","guid":{"rendered":"https:\/\/omcemedios.com\/omce\/?p=894"},"modified":"2026-03-07T23:07:15","modified_gmt":"2026-03-07T23:07:15","slug":"42-anos-de-musica-raiz-y-memoria","status":"publish","type":"post","link":"https:\/\/omcemedios.com\/omce\/2026\/03\/07\/42-anos-de-musica-raiz-y-memoria\/","title":{"rendered":"42 A\u00d1OS DE M\u00daSICA, RA\u00cdZ Y MEMORIA"},"content":{"rendered":"\n<p><\/p>\n\n\n\n<p>En el coraz\u00f3n de Otavalo, donde los vientos del Imbabura acarician los valles y la memoria de los pueblos Kichwa resuena en cada canto, surge Yarina, un grupo musical que es alma, identidad y resistencia. Conformado por once hermanos y hermanas de la familia Cachimuel, Yarina ,su propuesta art\u00edstica se ha convertido en un faro cultural que ilumina la riqueza del idioma y los sonidos ancestrales del pueblo Kichwa, fusion\u00e1ndolos con ritmos contempor\u00e1neos que dialogan con el mundo moderno, sin perder nunca la ra\u00edz que los sostiene.<\/p>\n\n\n\n<figure class=\"wp-block-gallery has-nested-images columns-default is-cropped wp-block-gallery-1 is-layout-flex wp-block-gallery-is-layout-flex\">\n<figure class=\"wp-block-image size-large\"><img fetchpriority=\"high\" decoding=\"async\" width=\"1024\" height=\"1024\" data-id=\"895\" src=\"https:\/\/omcemedios.com\/omce\/wp-content\/uploads\/2026\/03\/una-sola-voz-yarina-1024x1024.jpeg\" alt=\"\" class=\"wp-image-895\" srcset=\"https:\/\/omcemedios.com\/omce\/wp-content\/uploads\/2026\/03\/una-sola-voz-yarina-1024x1024.jpeg 1024w, https:\/\/omcemedios.com\/omce\/wp-content\/uploads\/2026\/03\/una-sola-voz-yarina-300x300.jpeg 300w, https:\/\/omcemedios.com\/omce\/wp-content\/uploads\/2026\/03\/una-sola-voz-yarina-150x150.jpeg 150w, https:\/\/omcemedios.com\/omce\/wp-content\/uploads\/2026\/03\/una-sola-voz-yarina-768x767.jpeg 768w, https:\/\/omcemedios.com\/omce\/wp-content\/uploads\/2026\/03\/una-sola-voz-yarina-1536x1534.jpeg 1536w, https:\/\/omcemedios.com\/omce\/wp-content\/uploads\/2026\/03\/una-sola-voz-yarina-2048x2045.jpeg 2048w\" sizes=\"(max-width: 1024px) 100vw, 1024px\" \/><\/figure>\n<\/figure>\n\n\n\n<p>Fundada en 1984 por Jos\u00e9 Manuel Cachimuel y Rosa Elena Amagua\u00f1a, Yarina naci\u00f3 como un proyecto familiar y comunitario que en sus inicios se llam\u00f3 Yawar Wauky (hermanos de sangre ) hoy como Yarina ,impulsados &nbsp;por la lucha por los derechos de los pueblos ind\u00edgenas de Am\u00e9rica y el deseo de preservar la lengua Kichwa como veh\u00edculo de memoria, historia y resistencia, contin\u00faan con &nbsp;su m\u00fasica como &nbsp;puente que conecta generaciones, llevando el mensaje del pueblo Otavalo a cada escenario que pisan, y haciendo de cada presentaci\u00f3n un homenaje a la identidad y a la dignidad de los pueblos originarios.<\/p>\n\n\n\n<figure class=\"wp-block-gallery has-nested-images columns-default is-cropped wp-block-gallery-2 is-layout-flex wp-block-gallery-is-layout-flex\">\n<figure class=\"wp-block-image size-large\"><img decoding=\"async\" width=\"258\" height=\"195\" data-id=\"896\" src=\"https:\/\/omcemedios.com\/omce\/wp-content\/uploads\/2026\/03\/yarina-grupo.jpg\" alt=\"\" class=\"wp-image-896\"\/><\/figure>\n<\/figure>\n\n\n\n<p>Hoy, 7 de marzo, Yarina celebra 42 a\u00f1os de historia, de melod\u00edas que trascienden fronteras y de un compromiso constante con las causas sociales. Para conmemorar este aniversario, invitan a la ciudadan\u00eda a disfrutar de su propuesta art\u00edstica junto a las agrupaciones invitadas \u00d1ucanchi Na\u00f1, Chuskupura y Runa Jazz, en un evento que inicia a las 18:00 en la Liga Deportiva Cantonal de Otavalo \u2013 Imbabura \u2013 Ecuador.<\/p>\n\n\n\n<p>Desde Am\u00e9rica hasta Europa y Asia, los escenarios han acogido la m\u00fasica de Yarina, y su presencia ha sido celebrada por p\u00fablicos masivos, instituciones culturales y acad\u00e9micas. Hoy, su canto vuelve a resonar en su tierra natal, como un abrazo sonoro que une pasado y presente, tradici\u00f3n y modernidad, ra\u00edces y vuelo.<\/p>\n\n\n\n<figure class=\"wp-block-gallery has-nested-images columns-default is-cropped wp-block-gallery-3 is-layout-flex wp-block-gallery-is-layout-flex\">\n<figure class=\"wp-block-image size-large\"><img decoding=\"async\" width=\"1024\" height=\"725\" data-id=\"897\" src=\"https:\/\/omcemedios.com\/omce\/wp-content\/uploads\/2026\/03\/yarina-23r-1024x725.webp\" alt=\"\" class=\"wp-image-897\" srcset=\"https:\/\/omcemedios.com\/omce\/wp-content\/uploads\/2026\/03\/yarina-23r-1024x725.webp 1024w, https:\/\/omcemedios.com\/omce\/wp-content\/uploads\/2026\/03\/yarina-23r-300x212.webp 300w, https:\/\/omcemedios.com\/omce\/wp-content\/uploads\/2026\/03\/yarina-23r-768x544.webp 768w, https:\/\/omcemedios.com\/omce\/wp-content\/uploads\/2026\/03\/yarina-23r-1536x1088.webp 1536w, https:\/\/omcemedios.com\/omce\/wp-content\/uploads\/2026\/03\/yarina-23r-2048x1450.webp 2048w\" sizes=\"(max-width: 1024px) 100vw, 1024px\" \/><\/figure>\n<\/figure>\n\n\n\n<p>Felicitamos a Yarina por estos 42 a\u00f1os de entrega, pasi\u00f3n y memoria musical. Que su canto siga siendo semilla, inspiraci\u00f3n y celebraci\u00f3n de la cultura Kichwa, y que su voz contin\u00fae viajando por los valles y monta\u00f1as, llevando el esp\u00edritu de Otavalo al mundo.<\/p>\n","protected":false},"excerpt":{"rendered":"<p>En el coraz\u00f3n de Otavalo, donde los vientos del Imbabura acarician los valles y la memoria de los pueblos Kichwa resuena en cada canto, surge Yarina, un grupo musical que es alma, identidad y resistencia. Conformado por once hermanos y hermanas de la familia Cachimuel, Yarina ,su propuesta art\u00edstica se ha convertido en un faro [&hellip;]<\/p>\n","protected":false},"author":1,"featured_media":897,"comment_status":"closed","ping_status":"closed","sticky":false,"template":"","format":"standard","meta":{"footnotes":""},"categories":[4],"tags":[],"class_list":["post-894","post","type-post","status-publish","format-standard","has-post-thumbnail","hentry","category-tradicion-y-cultura"],"_links":{"self":[{"href":"https:\/\/omcemedios.com\/omce\/wp-json\/wp\/v2\/posts\/894","targetHints":{"allow":["GET"]}}],"collection":[{"href":"https:\/\/omcemedios.com\/omce\/wp-json\/wp\/v2\/posts"}],"about":[{"href":"https:\/\/omcemedios.com\/omce\/wp-json\/wp\/v2\/types\/post"}],"author":[{"embeddable":true,"href":"https:\/\/omcemedios.com\/omce\/wp-json\/wp\/v2\/users\/1"}],"replies":[{"embeddable":true,"href":"https:\/\/omcemedios.com\/omce\/wp-json\/wp\/v2\/comments?post=894"}],"version-history":[{"count":1,"href":"https:\/\/omcemedios.com\/omce\/wp-json\/wp\/v2\/posts\/894\/revisions"}],"predecessor-version":[{"id":898,"href":"https:\/\/omcemedios.com\/omce\/wp-json\/wp\/v2\/posts\/894\/revisions\/898"}],"wp:featuredmedia":[{"embeddable":true,"href":"https:\/\/omcemedios.com\/omce\/wp-json\/wp\/v2\/media\/897"}],"wp:attachment":[{"href":"https:\/\/omcemedios.com\/omce\/wp-json\/wp\/v2\/media?parent=894"}],"wp:term":[{"taxonomy":"category","embeddable":true,"href":"https:\/\/omcemedios.com\/omce\/wp-json\/wp\/v2\/categories?post=894"},{"taxonomy":"post_tag","embeddable":true,"href":"https:\/\/omcemedios.com\/omce\/wp-json\/wp\/v2\/tags?post=894"}],"curies":[{"name":"wp","href":"https:\/\/api.w.org\/{rel}","templated":true}]}}