{"id":888,"date":"2026-03-07T22:43:07","date_gmt":"2026-03-07T22:43:07","guid":{"rendered":"https:\/\/omcemedios.com\/omce\/?p=888"},"modified":"2026-03-07T22:43:09","modified_gmt":"2026-03-07T22:43:09","slug":"marcha-de-reconocimiento-a-mujeres-lideresas-en-otavalo","status":"publish","type":"post","link":"https:\/\/omcemedios.com\/omce\/2026\/03\/07\/marcha-de-reconocimiento-a-mujeres-lideresas-en-otavalo\/","title":{"rendered":"Marcha de reconocimiento a mujeres lideresas en Otavalo"},"content":{"rendered":"\n<p><\/p>\n\n\n\n<p>Mujeres, hombres y j\u00f3venes de distintas organizaciones sociales, comunidades e instituciones que integran la Red de Protecci\u00f3n de Derechos de Otavalo participaron en una jornada de reconocimiento<\/p>\n\n\n\n<figure class=\"wp-block-gallery has-nested-images columns-default is-cropped wp-block-gallery-1 is-layout-flex wp-block-gallery-is-layout-flex\">\n<figure class=\"wp-block-image size-large\"><img fetchpriority=\"high\" decoding=\"async\" width=\"1024\" height=\"682\" data-id=\"889\" src=\"https:\/\/omcemedios.com\/omce\/wp-content\/uploads\/2026\/03\/mujeres-2-1024x682.jpeg\" alt=\"\" class=\"wp-image-889\" srcset=\"https:\/\/omcemedios.com\/omce\/wp-content\/uploads\/2026\/03\/mujeres-2-1024x682.jpeg 1024w, https:\/\/omcemedios.com\/omce\/wp-content\/uploads\/2026\/03\/mujeres-2-300x200.jpeg 300w, https:\/\/omcemedios.com\/omce\/wp-content\/uploads\/2026\/03\/mujeres-2-768x512.jpeg 768w, https:\/\/omcemedios.com\/omce\/wp-content\/uploads\/2026\/03\/mujeres-2-1536x1023.jpeg 1536w, https:\/\/omcemedios.com\/omce\/wp-content\/uploads\/2026\/03\/mujeres-2.jpeg 1600w\" sizes=\"(max-width: 1024px) 100vw, 1024px\" \/><\/figure>\n<\/figure>\n\n\n\n<p>Las protagonistas fueron las mujeres lideresas de comunidades, defensoras comunitarias y representantes de la Red de Protecci\u00f3n de Derechos, quienes recibieron certificados de reconocimiento por su trayectoria en la defensa, promoci\u00f3n exigibilidad &nbsp;y reivindicaci\u00f3n por los derechos de las mujeres, desarrollada en el cant\u00f3n.<\/p>\n\n\n\n<figure class=\"wp-block-gallery has-nested-images columns-default is-cropped wp-block-gallery-2 is-layout-flex wp-block-gallery-is-layout-flex\">\n<figure class=\"wp-block-image size-large\"><img decoding=\"async\" width=\"1024\" height=\"682\" data-id=\"890\" src=\"https:\/\/omcemedios.com\/omce\/wp-content\/uploads\/2026\/03\/mujeres-67-1024x682.jpeg\" alt=\"\" class=\"wp-image-890\" srcset=\"https:\/\/omcemedios.com\/omce\/wp-content\/uploads\/2026\/03\/mujeres-67-1024x682.jpeg 1024w, https:\/\/omcemedios.com\/omce\/wp-content\/uploads\/2026\/03\/mujeres-67-300x200.jpeg 300w, https:\/\/omcemedios.com\/omce\/wp-content\/uploads\/2026\/03\/mujeres-67-768x512.jpeg 768w, https:\/\/omcemedios.com\/omce\/wp-content\/uploads\/2026\/03\/mujeres-67-1536x1023.jpeg 1536w, https:\/\/omcemedios.com\/omce\/wp-content\/uploads\/2026\/03\/mujeres-67.jpeg 1600w\" sizes=\"(max-width: 1024px) 100vw, 1024px\" \/><\/figure>\n<\/figure>\n\n\n\n<p>La marcha por las calles de Otavalo estuvo encabezada por la alcaldesa de Otavalo, Anabel Hermosa, Durante el acto, la autoridad municipal realiz\u00f3 un breve resumen de la trayectoria y los aportes de cada una de las mujeres homenajeadas, destacando su trabajo en la organizaci\u00f3n comunitaria, la defensa de los derechos y el fortalecimiento del tejido social en el territorio.<\/p>\n\n\n\n<p>La jornada tambi\u00e9n puso en valor el aporte de mujeres escritoras, pintoras, gestoras culturales y lideresas barriales que, desde distintos espacios, contribuyen al desarrollo social, cultural y comunitario del cant\u00f3n. Con su presencia, Otavalo se visti\u00f3 de reivindicaci\u00f3n y lucha por los derechos de las mujeres, con la participaci\u00f3n de representantes tanto del campo como de la ciudad.<\/p>\n\n\n\n<figure class=\"wp-block-gallery has-nested-images columns-default is-cropped wp-block-gallery-3 is-layout-flex wp-block-gallery-is-layout-flex\">\n<figure class=\"wp-block-image size-large\"><img decoding=\"async\" width=\"1024\" height=\"683\" data-id=\"891\" src=\"https:\/\/omcemedios.com\/omce\/wp-content\/uploads\/2026\/03\/mujeres-5-1024x683.jpg\" alt=\"\" class=\"wp-image-891\" srcset=\"https:\/\/omcemedios.com\/omce\/wp-content\/uploads\/2026\/03\/mujeres-5-1024x683.jpg 1024w, https:\/\/omcemedios.com\/omce\/wp-content\/uploads\/2026\/03\/mujeres-5-300x200.jpg 300w, https:\/\/omcemedios.com\/omce\/wp-content\/uploads\/2026\/03\/mujeres-5-768x512.jpg 768w, https:\/\/omcemedios.com\/omce\/wp-content\/uploads\/2026\/03\/mujeres-5-1536x1024.jpg 1536w, https:\/\/omcemedios.com\/omce\/wp-content\/uploads\/2026\/03\/mujeres-5.jpg 1600w\" sizes=\"(max-width: 1024px) 100vw, 1024px\" \/><\/figure>\n<\/figure>\n\n\n\n<p>Durante el encuentro se destac\u00f3 el papel hist\u00f3rico de la organizaci\u00f3n de las mujeres en los procesos sociales del cant\u00f3n. Las participantes recordaron que muchos de los avances en derechos y participaci\u00f3n han sido fruto de d\u00e9cadas de trabajo colectivo, resistencia y liderazgo comunitario impulsado por mujeres del territorio.Asimismo, resalt\u00f3 la importancia de continuar fortaleciendo la participaci\u00f3n pol\u00edtica y social de las mujeres, as\u00ed como las redes de apoyo frente a las distintas formas de violencia que a\u00fan persisten.<\/p>\n\n\n\n<p>La marcha se desarroll\u00f3 en el marco del proyecto <strong>\u201cRuta de Derechos: Bordando por la Memoria\u201d<\/strong>, impulsado desde la Secretar\u00eda T\u00e9cnica del Consejo Cantonal de Protecci\u00f3n de Derechos, que reafirma la importancia de la organizaci\u00f3n comunitaria como herramienta fundamental para la defensa de los derechos humanos y la construcci\u00f3n de una cultura de paz.<\/p>\n\n\n\n<p>La jornada concluy\u00f3 con un llamado a fortalecer el liderazgo de las mujeres en comunidades, barrios y organizaciones, y a seguir tejiendo redes entre mujeres del campo y la ciudad para construir un Otavalo m\u00e1s justo, equitativo e intercultural.<\/p>\n\n\n\n<figure class=\"wp-block-gallery has-nested-images columns-default is-cropped wp-block-gallery-4 is-layout-flex wp-block-gallery-is-layout-flex\">\n<figure class=\"wp-block-image size-large\"><img loading=\"lazy\" decoding=\"async\" width=\"1024\" height=\"682\" data-id=\"892\" src=\"https:\/\/omcemedios.com\/omce\/wp-content\/uploads\/2026\/03\/mujres-4-1024x682.jpg\" alt=\"\" class=\"wp-image-892\" srcset=\"https:\/\/omcemedios.com\/omce\/wp-content\/uploads\/2026\/03\/mujres-4-1024x682.jpg 1024w, https:\/\/omcemedios.com\/omce\/wp-content\/uploads\/2026\/03\/mujres-4-300x200.jpg 300w, https:\/\/omcemedios.com\/omce\/wp-content\/uploads\/2026\/03\/mujres-4-768x512.jpg 768w, https:\/\/omcemedios.com\/omce\/wp-content\/uploads\/2026\/03\/mujres-4-1536x1023.jpg 1536w, https:\/\/omcemedios.com\/omce\/wp-content\/uploads\/2026\/03\/mujres-4.jpg 1600w\" sizes=\"(max-width: 1024px) 100vw, 1024px\" \/><\/figure>\n<\/figure>\n\n\n\n<p>Finalmente, desde el Consejo Cantonal de Protecci\u00f3n de Derechos se invit\u00f3 a la ciudadan\u00eda a ser parte de la agenda de actividades programadas durante el mes de marzo, que incluir\u00e1 <strong>ferias de mujeres emprendedoras, la activaci\u00f3n del proyecto Ruta de Derechos en las comunidades de Pijal, Calpaqu\u00ed y La Compa\u00f1\u00eda, as\u00ed como conversatorios y espacios de encuentro comunitario<\/strong>. La agenda completa de actividades se encuentra disponible en el siguiente enlace.<\/p>\n","protected":false},"excerpt":{"rendered":"<p>Mujeres, hombres y j\u00f3venes de distintas organizaciones sociales, comunidades e instituciones que integran la Red de Protecci\u00f3n de Derechos de Otavalo participaron en una jornada de reconocimiento Las protagonistas fueron las mujeres lideresas de comunidades, defensoras comunitarias y representantes de la Red de Protecci\u00f3n de Derechos, quienes recibieron certificados de reconocimiento por su trayectoria en [&hellip;]<\/p>\n","protected":false},"author":1,"featured_media":892,"comment_status":"closed","ping_status":"closed","sticky":false,"template":"","format":"standard","meta":{"footnotes":""},"categories":[4],"tags":[],"class_list":["post-888","post","type-post","status-publish","format-standard","has-post-thumbnail","hentry","category-tradicion-y-cultura"],"_links":{"self":[{"href":"https:\/\/omcemedios.com\/omce\/wp-json\/wp\/v2\/posts\/888","targetHints":{"allow":["GET"]}}],"collection":[{"href":"https:\/\/omcemedios.com\/omce\/wp-json\/wp\/v2\/posts"}],"about":[{"href":"https:\/\/omcemedios.com\/omce\/wp-json\/wp\/v2\/types\/post"}],"author":[{"embeddable":true,"href":"https:\/\/omcemedios.com\/omce\/wp-json\/wp\/v2\/users\/1"}],"replies":[{"embeddable":true,"href":"https:\/\/omcemedios.com\/omce\/wp-json\/wp\/v2\/comments?post=888"}],"version-history":[{"count":1,"href":"https:\/\/omcemedios.com\/omce\/wp-json\/wp\/v2\/posts\/888\/revisions"}],"predecessor-version":[{"id":893,"href":"https:\/\/omcemedios.com\/omce\/wp-json\/wp\/v2\/posts\/888\/revisions\/893"}],"wp:featuredmedia":[{"embeddable":true,"href":"https:\/\/omcemedios.com\/omce\/wp-json\/wp\/v2\/media\/892"}],"wp:attachment":[{"href":"https:\/\/omcemedios.com\/omce\/wp-json\/wp\/v2\/media?parent=888"}],"wp:term":[{"taxonomy":"category","embeddable":true,"href":"https:\/\/omcemedios.com\/omce\/wp-json\/wp\/v2\/categories?post=888"},{"taxonomy":"post_tag","embeddable":true,"href":"https:\/\/omcemedios.com\/omce\/wp-json\/wp\/v2\/tags?post=888"}],"curies":[{"name":"wp","href":"https:\/\/api.w.org\/{rel}","templated":true}]}}