{"id":796,"date":"2026-02-05T00:07:32","date_gmt":"2026-02-05T00:07:32","guid":{"rendered":"https:\/\/omcemedios.com\/omce\/?p=796"},"modified":"2026-02-05T00:07:34","modified_gmt":"2026-02-05T00:07:34","slug":"otavalo-en-oferta-impulsa-la-economia-local-en-el-carnaval-de-colores","status":"publish","type":"post","link":"https:\/\/omcemedios.com\/omce\/2026\/02\/05\/otavalo-en-oferta-impulsa-la-economia-local-en-el-carnaval-de-colores\/","title":{"rendered":"\u201cOTAVALO EN OFERTA\u201d IMPULSA LA ECONOM\u00cdA LOCAL EN EL CARNAVAL DE COLORES"},"content":{"rendered":"\n<p><\/p>\n\n\n\n<p>Con el firme prop\u00f3sito de dinamizar la econom\u00eda local y fortalecer el comercio formal, la C\u00e1mara de Comercio de Otavalo en rueda de prensa, present\u00f3 el proyecto comercial por carnaval \u201cOtavalo en Oferta\u201d, una iniciativa que se desarrolla en el marco del tradicional Carnaval de Colores y que re\u00fane a comerciantes, emprendedores y empresarios del cant\u00f3n.<\/p>\n\n\n\n<figure class=\"wp-block-image size-large\"><img fetchpriority=\"high\" decoding=\"async\" width=\"1024\" height=\"683\" src=\"https:\/\/omcemedios.com\/omce\/wp-content\/uploads\/2026\/02\/soraya-rueda-_n-1024x683.jpg\" alt=\"\" class=\"wp-image-798\" srcset=\"https:\/\/omcemedios.com\/omce\/wp-content\/uploads\/2026\/02\/soraya-rueda-_n-1024x683.jpg 1024w, https:\/\/omcemedios.com\/omce\/wp-content\/uploads\/2026\/02\/soraya-rueda-_n-300x200.jpg 300w, https:\/\/omcemedios.com\/omce\/wp-content\/uploads\/2026\/02\/soraya-rueda-_n-768x512.jpg 768w, https:\/\/omcemedios.com\/omce\/wp-content\/uploads\/2026\/02\/soraya-rueda-_n-1536x1024.jpg 1536w, https:\/\/omcemedios.com\/omce\/wp-content\/uploads\/2026\/02\/soraya-rueda-_n.jpg 2048w\" sizes=\"(max-width: 1024px) 100vw, 1024px\" \/><\/figure>\n\n\n\n<p>Durante el acto, Do\u00f1a Soraya Rueda realiz\u00f3 un emotivo y breve recuento hist\u00f3rico de este proyecto, recordando sus inicios en el a\u00f1o 1991, su fortalecimiento en 2009 con la peque\u00f1a industria y el gran impulso alcanzado en 2010, cuando se consolid\u00f3 como un evento de gran magnitud. En su intervenci\u00f3n, expres\u00f3 un especial agradecimiento al exalcalde Mario Conejo Maldonado, por el respaldo brindado en aquella etapa clave para el crecimiento de la iniciativa.<\/p>\n\n\n\n<figure class=\"wp-block-image size-large\"><img decoding=\"async\" width=\"1024\" height=\"768\" src=\"https:\/\/omcemedios.com\/omce\/wp-content\/uploads\/2026\/02\/OTAVALO-WhatsApp-Image-2026-02-04-at-13.06.50-1024x768.jpeg\" alt=\"\" class=\"wp-image-797\" srcset=\"https:\/\/omcemedios.com\/omce\/wp-content\/uploads\/2026\/02\/OTAVALO-WhatsApp-Image-2026-02-04-at-13.06.50-1024x768.jpeg 1024w, https:\/\/omcemedios.com\/omce\/wp-content\/uploads\/2026\/02\/OTAVALO-WhatsApp-Image-2026-02-04-at-13.06.50-300x225.jpeg 300w, https:\/\/omcemedios.com\/omce\/wp-content\/uploads\/2026\/02\/OTAVALO-WhatsApp-Image-2026-02-04-at-13.06.50-768x576.jpeg 768w, https:\/\/omcemedios.com\/omce\/wp-content\/uploads\/2026\/02\/OTAVALO-WhatsApp-Image-2026-02-04-at-13.06.50-1536x1152.jpeg 1536w, https:\/\/omcemedios.com\/omce\/wp-content\/uploads\/2026\/02\/OTAVALO-WhatsApp-Image-2026-02-04-at-13.06.50.jpeg 1600w\" sizes=\"(max-width: 1024px) 100vw, 1024px\" \/><\/figure>\n\n\n\n<p>La ingeniera Alexandra Alem\u00e1n, vicepresidenta de la C\u00e1mara de Comercio de Otavalo, dio la bienvenida a los asistentes, destacando el compromiso permanente del gremio con el desarrollo econ\u00f3mico de la ciudad. Por su parte, el presidente Pablo Balladares explic\u00f3 el desarrollo del programa, resaltando que se trata de un evento construido con el esfuerzo de los propios comerciantes formales, quienes encuentran en \u201cOtavalo en Oferta\u201d una vitrina para presentar sus productos y servicios, atraer a consumidores y fortalecer el movimiento comercial durante el feriado.&nbsp;&nbsp;&nbsp;&nbsp;&nbsp;&nbsp;&nbsp;<\/p>\n\n\n\n<figure class=\"wp-block-image size-large\"><img decoding=\"async\" width=\"1024\" height=\"378\" src=\"https:\/\/omcemedios.com\/omce\/wp-content\/uploads\/2026\/02\/OYAVAVLO-WhatsApp-Image-2026-02-04-at-19.01.08-1024x378.jpeg\" alt=\"\" class=\"wp-image-799\" srcset=\"https:\/\/omcemedios.com\/omce\/wp-content\/uploads\/2026\/02\/OYAVAVLO-WhatsApp-Image-2026-02-04-at-19.01.08-1024x378.jpeg 1024w, https:\/\/omcemedios.com\/omce\/wp-content\/uploads\/2026\/02\/OYAVAVLO-WhatsApp-Image-2026-02-04-at-19.01.08-300x111.jpeg 300w, https:\/\/omcemedios.com\/omce\/wp-content\/uploads\/2026\/02\/OYAVAVLO-WhatsApp-Image-2026-02-04-at-19.01.08-768x284.jpeg 768w, https:\/\/omcemedios.com\/omce\/wp-content\/uploads\/2026\/02\/OYAVAVLO-WhatsApp-Image-2026-02-04-at-19.01.08.jpeg 1280w\" sizes=\"(max-width: 1024px) 100vw, 1024px\" \/><\/figure>\n\n\n\n<p>A\u00f1o tras a\u00f1o, la C\u00e1mara de Comercio de Otavalo ha mantenido viva esta propuesta, que hoy vuelve a tomar fuerza en el Carnaval de Colores. Los directivos invitaron a la ciudadan\u00eda y a los visitantes a participar en los diferentes eventos preparados, recalcando que, pese a no haber contado con el aporte ni el apoyo de organismos p\u00fablicos, aun cuando se presentaron proyectos viables y existi\u00f3 un compromiso inicial de respaldo, el gremio ha decidido seguir adelante con recursos propios y con el apoyo de sus socios, a quienes expresaron un sincero agradecimiento.<\/p>\n\n\n\n<p>En este contexto, se hizo un llamado a dejar de lado las diferencias y los problemas, y a pensar \u00fanicamente en el desarrollo de Otavalo, la tierra que vio nacer a sus comerciantes y emprendedores. \u201cNo vamos a declinar; seguiremos altivos, como nuestra historia de m\u00e1s de 50 a\u00f1os lo ha demostrado\u201d, se\u00f1alaron los directivos, reafirmando su determinaci\u00f3n de continuar impulsando iniciativas que beneficien a la ciudad y a la provincia de Imbabura.<\/p>\n\n\n\n<p>Este proyecto, que arranc\u00f3 hace m\u00e1s de 30 a\u00f1os, nace del compromiso con los emprendedores, comerciantes y empresarios que d\u00eda a d\u00eda sostienen la econom\u00eda del cant\u00f3n. \u201cOtavalo en Oferta\u201d no es solo una campa\u00f1a de descuentos: es una invitaci\u00f3n a consumir lo nuestro, a recorrer las calles, visitar los negocios locales y apoyar el trabajo honesto de cientos de familias otavale\u00f1as, consolidando as\u00ed un comercio fuerte, solidario y con identidad local.<\/p>\n\n\n\n<figure class=\"wp-block-image size-large\"><img loading=\"lazy\" decoding=\"async\" width=\"1024\" height=\"683\" src=\"https:\/\/omcemedios.com\/omce\/wp-content\/uploads\/2026\/02\/otavalo-en-oferta-1-1024x683.jpg\" alt=\"\" class=\"wp-image-801\" srcset=\"https:\/\/omcemedios.com\/omce\/wp-content\/uploads\/2026\/02\/otavalo-en-oferta-1-1024x683.jpg 1024w, https:\/\/omcemedios.com\/omce\/wp-content\/uploads\/2026\/02\/otavalo-en-oferta-1-300x200.jpg 300w, https:\/\/omcemedios.com\/omce\/wp-content\/uploads\/2026\/02\/otavalo-en-oferta-1-768x512.jpg 768w, https:\/\/omcemedios.com\/omce\/wp-content\/uploads\/2026\/02\/otavalo-en-oferta-1-1536x1024.jpg 1536w, https:\/\/omcemedios.com\/omce\/wp-content\/uploads\/2026\/02\/otavalo-en-oferta-1.jpg 2048w\" sizes=\"(max-width: 1024px) 100vw, 1024px\" \/><\/figure>\n\n\n\n<p>La informaci\u00f3n oficial se la realizar\u00e1 a trav\u00e9s de las redes sociales oficiales.<\/p>\n","protected":false},"excerpt":{"rendered":"<p>Con el firme prop\u00f3sito de dinamizar la econom\u00eda local y fortalecer el comercio formal, la C\u00e1mara de Comercio de Otavalo en rueda de prensa, present\u00f3 el proyecto comercial por carnaval \u201cOtavalo en Oferta\u201d, una iniciativa que se desarrolla en el marco del tradicional Carnaval de Colores y que re\u00fane a comerciantes, emprendedores y empresarios del [&hellip;]<\/p>\n","protected":false},"author":1,"featured_media":801,"comment_status":"closed","ping_status":"closed","sticky":false,"template":"","format":"standard","meta":{"footnotes":""},"categories":[1],"tags":[],"class_list":["post-796","post","type-post","status-publish","format-standard","has-post-thumbnail","hentry","category-uncategorized"],"_links":{"self":[{"href":"https:\/\/omcemedios.com\/omce\/wp-json\/wp\/v2\/posts\/796","targetHints":{"allow":["GET"]}}],"collection":[{"href":"https:\/\/omcemedios.com\/omce\/wp-json\/wp\/v2\/posts"}],"about":[{"href":"https:\/\/omcemedios.com\/omce\/wp-json\/wp\/v2\/types\/post"}],"author":[{"embeddable":true,"href":"https:\/\/omcemedios.com\/omce\/wp-json\/wp\/v2\/users\/1"}],"replies":[{"embeddable":true,"href":"https:\/\/omcemedios.com\/omce\/wp-json\/wp\/v2\/comments?post=796"}],"version-history":[{"count":1,"href":"https:\/\/omcemedios.com\/omce\/wp-json\/wp\/v2\/posts\/796\/revisions"}],"predecessor-version":[{"id":802,"href":"https:\/\/omcemedios.com\/omce\/wp-json\/wp\/v2\/posts\/796\/revisions\/802"}],"wp:featuredmedia":[{"embeddable":true,"href":"https:\/\/omcemedios.com\/omce\/wp-json\/wp\/v2\/media\/801"}],"wp:attachment":[{"href":"https:\/\/omcemedios.com\/omce\/wp-json\/wp\/v2\/media?parent=796"}],"wp:term":[{"taxonomy":"category","embeddable":true,"href":"https:\/\/omcemedios.com\/omce\/wp-json\/wp\/v2\/categories?post=796"},{"taxonomy":"post_tag","embeddable":true,"href":"https:\/\/omcemedios.com\/omce\/wp-json\/wp\/v2\/tags?post=796"}],"curies":[{"name":"wp","href":"https:\/\/api.w.org\/{rel}","templated":true}]}}