{"id":789,"date":"2026-02-04T23:13:55","date_gmt":"2026-02-04T23:13:55","guid":{"rendered":"https:\/\/omcemedios.com\/omce\/?p=789"},"modified":"2026-02-05T00:04:15","modified_gmt":"2026-02-05T00:04:15","slug":"presentacion-oficial-del-periodico-cultural-el-colibri-n-o-11-en-la-universidad-de-otavalo","status":"publish","type":"post","link":"https:\/\/omcemedios.com\/omce\/2026\/02\/04\/presentacion-oficial-del-periodico-cultural-el-colibri-n-o-11-en-la-universidad-de-otavalo\/","title":{"rendered":"PRESENTACI\u00d3N OFICIAL DEL PERI\u00d3DICO CULTURAL EL COLIBR\u00cd N.\u00ba 11 EN LA UNIVERSIDAD DE OTAVALO"},"content":{"rendered":"\n<p><\/p>\n\n\n\n<p>En un acto solemne, cargado de memoria hist\u00f3rica y reflexi\u00f3n acad\u00e9mica, en la sala del s\u00e9ptimo piso de la Universidad de Otavalo, se realiz\u00f3 la presentaci\u00f3n oficial del peri\u00f3dico El Colibr\u00ed, n\u00famero 11, \u00f3rgano de difusi\u00f3n cultural de la segunda \u00e9poca, publicado por el Instituto Otavale\u00f1o de Antropolog\u00eda (IOA) y la Universidad de Otavalo.<\/p>\n\n\n\n<figure class=\"wp-block-image size-large\"><img fetchpriority=\"high\" decoding=\"async\" width=\"889\" height=\"1024\" src=\"https:\/\/omcemedios.com\/omce\/wp-content\/uploads\/2026\/02\/colibri-1-889x1024.jpeg\" alt=\"\" class=\"wp-image-793\" srcset=\"https:\/\/omcemedios.com\/omce\/wp-content\/uploads\/2026\/02\/colibri-1-889x1024.jpeg 889w, https:\/\/omcemedios.com\/omce\/wp-content\/uploads\/2026\/02\/colibri-1-260x300.jpeg 260w, https:\/\/omcemedios.com\/omce\/wp-content\/uploads\/2026\/02\/colibri-1-768x885.jpeg 768w, https:\/\/omcemedios.com\/omce\/wp-content\/uploads\/2026\/02\/colibri-1.jpeg 1000w\" sizes=\"(max-width: 889px) 100vw, 889px\" \/><\/figure>\n\n\n\n<p>Esta edici\u00f3n especial sit\u00faa su eje temporal en el a\u00f1o 1526 y aborda, con rigor investigativo, los acontecimientos hist\u00f3ricos relacionados con la invasi\u00f3n inca a los territorios del norte del actual Ecuador. A trav\u00e9s de una mirada cr\u00edtica y multidisciplinaria, el peri\u00f3dico ofrece al lector un recorrido por hechos trascendentales como la muerte de Huayna C\u00e1pac, las primeras noticias sobre la llegada de los espa\u00f1oles a las costas ecuatorianas y la sucesi\u00f3n en el gobierno inca a cargo de Hu\u00e1scar.<\/p>\n\n\n\n<p>La mesa principal estuvo conformada por destacadas autoridades acad\u00e9micas e institucionales:<\/p>\n\n\n\n<figure class=\"wp-block-image size-full\"><img decoding=\"async\" width=\"907\" height=\"468\" src=\"https:\/\/omcemedios.com\/omce\/wp-content\/uploads\/2026\/02\/colibri-45-WhatsApp-Image-2026-02-04-at-11.18.16.jpeg\" alt=\"\" class=\"wp-image-790\" srcset=\"https:\/\/omcemedios.com\/omce\/wp-content\/uploads\/2026\/02\/colibri-45-WhatsApp-Image-2026-02-04-at-11.18.16.jpeg 907w, https:\/\/omcemedios.com\/omce\/wp-content\/uploads\/2026\/02\/colibri-45-WhatsApp-Image-2026-02-04-at-11.18.16-300x155.jpeg 300w, https:\/\/omcemedios.com\/omce\/wp-content\/uploads\/2026\/02\/colibri-45-WhatsApp-Image-2026-02-04-at-11.18.16-768x396.jpeg 768w\" sizes=\"(max-width: 907px) 100vw, 907px\" \/><\/figure>\n\n\n\n<p>La mesa principal estuvo conformada por destacadas autoridades acad\u00e9micas e institucionales:<\/p>\n\n\n\n<p>Plutarco Cisneros Andrade, presidente del Instituto Otavale\u00f1o de Antropolog\u00eda y canciller de la Universidad de Otavalo; Juan Carlos Cisneros Burbano, vicepresidente del IOA y vicecanciller de la Universidad de Otavalo; Francisco Becerra Lois, rector de la Universidad de Otavalo, Juan Su\u00e1rez Proa\u00f1o ,corrector de estilo y el editor Diego Rodr\u00edguez Estrada .<\/p>\n\n\n\n<p>Durante el evento, agradecieron a las autoridades y disertaron sobre los objetivos de El Colibr\u00ed, destacando el profundo trabajo de investigaci\u00f3n que sustenta cada uno de los textos. Asimismo, informaron que este peri\u00f3dico ser\u00e1 entregado sin costo a la ciudadan\u00eda, ya que circular\u00e1 junto con el diario El Norte, reafirmando su car\u00e1cter p\u00fablico y educativo.<\/p>\n\n\n\n<p>Esta edici\u00f3n est\u00e1 dedicada a la memoria del reconocido historiador Waldemar Espinoza Soriano, en homenaje a su invaluable aporte al estudio del mundo andino y la historia prehisp\u00e1nica.<\/p>\n\n\n\n<p>Los textos que conforman este n\u00famero fueron investigados y elaborados por un destacado grupo de autores y acad\u00e9micos: Plutarco Cisneros Andrade (Melchor Cotama), Diego Rodr\u00edguez Estrada (Benjam\u00edn L. Quiroga, Segundo Lenguaraz), Hern\u00e1n Jaramillo Cisneros, Juan Su\u00e1rez Proa\u00f1o (Llamuco), Jorge Mantilla, Guisella Carchi (Sinchi, Yarik Maiwa Sinchi) y Jos\u00e9 Villarreal, entre otros. Para estas publicaciones se recurri\u00f3 a estudios fundamentados en disciplinas como la etnohistoria, la arqueolog\u00eda y la historia, as\u00ed como al an\u00e1lisis de fuentes tempranas de reconocidos cronistas y sus valiosos testimonios.<\/p>\n\n\n\n<p>Felicitaciones al Instituto Otavale\u00f1o de Antropolog\u00eda, un centro regional de investigaciones en ciencias sociales y humanidades, fundado en 1967 por Plutarco Cisneros, con un anclaje en la zona geocultural de Otavalo cuyo slogan \u201cUna nueva forma de vivir la historia\u201d honra &nbsp;a sus objetivos de investigar, gestionar y resguardar el patrimonio cultural tangible e intangible de la Sierra Norte del Ecuador y a la Universidad de Otavalo, instituci\u00f3n que, fiel a su compromiso acad\u00e9mico y cultural, honran su lema: \u201cLibres y unidos en la diversidad\u201d. Su labor conjunta fortalece la memoria colectiva y promueve el pensamiento cr\u00edtico desde una perspectiva intercultural.<\/p>\n\n\n\n<figure class=\"wp-block-image size-full\"><img decoding=\"async\" width=\"1000\" height=\"703\" src=\"https:\/\/omcemedios.com\/omce\/wp-content\/uploads\/2026\/02\/colibri-2.jpeg\" alt=\"\" class=\"wp-image-791\" srcset=\"https:\/\/omcemedios.com\/omce\/wp-content\/uploads\/2026\/02\/colibri-2.jpeg 1000w, https:\/\/omcemedios.com\/omce\/wp-content\/uploads\/2026\/02\/colibri-2-300x211.jpeg 300w, https:\/\/omcemedios.com\/omce\/wp-content\/uploads\/2026\/02\/colibri-2-768x540.jpeg 768w\" sizes=\"(max-width: 1000px) 100vw, 1000px\" \/><\/figure>\n\n\n\n<p>Se invita a la ciudadan\u00eda a leer El Colibr\u00ed n\u00famero 11 y a informarse, porque un pueblo que no se informa no conoce su historia, y sin historia no hay identidad ni futuro.<\/p>\n\n\n\n<p>Leer es tambi\u00e9n un acto de libertad y de responsabilidad con nuestra memoria ancestral.<\/p>\n\n\n\n<figure class=\"wp-block-image size-large\"><img loading=\"lazy\" decoding=\"async\" width=\"1024\" height=\"768\" src=\"https:\/\/omcemedios.com\/omce\/wp-content\/uploads\/2026\/02\/foto-colibri-1024x768.jpeg\" alt=\"\" class=\"wp-image-792\" srcset=\"https:\/\/omcemedios.com\/omce\/wp-content\/uploads\/2026\/02\/foto-colibri-1024x768.jpeg 1024w, https:\/\/omcemedios.com\/omce\/wp-content\/uploads\/2026\/02\/foto-colibri-300x225.jpeg 300w, https:\/\/omcemedios.com\/omce\/wp-content\/uploads\/2026\/02\/foto-colibri-768x576.jpeg 768w, https:\/\/omcemedios.com\/omce\/wp-content\/uploads\/2026\/02\/foto-colibri-1536x1152.jpeg 1536w, https:\/\/omcemedios.com\/omce\/wp-content\/uploads\/2026\/02\/foto-colibri.jpeg 1600w\" sizes=\"(max-width: 1024px) 100vw, 1024px\" \/><\/figure>\n","protected":false},"excerpt":{"rendered":"<p>En un acto solemne, cargado de memoria hist\u00f3rica y reflexi\u00f3n acad\u00e9mica, en la sala del s\u00e9ptimo piso de la Universidad de Otavalo, se realiz\u00f3 la presentaci\u00f3n oficial del peri\u00f3dico El Colibr\u00ed, n\u00famero 11, \u00f3rgano de difusi\u00f3n cultural de la segunda \u00e9poca, publicado por el Instituto Otavale\u00f1o de Antropolog\u00eda (IOA) y la Universidad de Otavalo. Esta [&hellip;]<\/p>\n","protected":false},"author":1,"featured_media":793,"comment_status":"closed","ping_status":"closed","sticky":false,"template":"","format":"standard","meta":{"footnotes":""},"categories":[1],"tags":[],"class_list":["post-789","post","type-post","status-publish","format-standard","has-post-thumbnail","hentry","category-uncategorized"],"_links":{"self":[{"href":"https:\/\/omcemedios.com\/omce\/wp-json\/wp\/v2\/posts\/789","targetHints":{"allow":["GET"]}}],"collection":[{"href":"https:\/\/omcemedios.com\/omce\/wp-json\/wp\/v2\/posts"}],"about":[{"href":"https:\/\/omcemedios.com\/omce\/wp-json\/wp\/v2\/types\/post"}],"author":[{"embeddable":true,"href":"https:\/\/omcemedios.com\/omce\/wp-json\/wp\/v2\/users\/1"}],"replies":[{"embeddable":true,"href":"https:\/\/omcemedios.com\/omce\/wp-json\/wp\/v2\/comments?post=789"}],"version-history":[{"count":2,"href":"https:\/\/omcemedios.com\/omce\/wp-json\/wp\/v2\/posts\/789\/revisions"}],"predecessor-version":[{"id":795,"href":"https:\/\/omcemedios.com\/omce\/wp-json\/wp\/v2\/posts\/789\/revisions\/795"}],"wp:featuredmedia":[{"embeddable":true,"href":"https:\/\/omcemedios.com\/omce\/wp-json\/wp\/v2\/media\/793"}],"wp:attachment":[{"href":"https:\/\/omcemedios.com\/omce\/wp-json\/wp\/v2\/media?parent=789"}],"wp:term":[{"taxonomy":"category","embeddable":true,"href":"https:\/\/omcemedios.com\/omce\/wp-json\/wp\/v2\/categories?post=789"},{"taxonomy":"post_tag","embeddable":true,"href":"https:\/\/omcemedios.com\/omce\/wp-json\/wp\/v2\/tags?post=789"}],"curies":[{"name":"wp","href":"https:\/\/api.w.org\/{rel}","templated":true}]}}