{"id":724,"date":"2026-01-14T20:54:49","date_gmt":"2026-01-14T20:54:49","guid":{"rendered":"https:\/\/omcemedios.com\/omce\/?p=724"},"modified":"2026-01-14T20:54:50","modified_gmt":"2026-01-14T20:54:50","slug":"discurso-del-presidente-reelecto-unp-imbabura","status":"publish","type":"post","link":"https:\/\/omcemedios.com\/omce\/2026\/01\/14\/discurso-del-presidente-reelecto-unp-imbabura\/","title":{"rendered":"DISCURSO DEL PRESIDENTE REELECTO UNP IMBABURA"},"content":{"rendered":"\n<p><\/p>\n\n\n\n<p>UNI\u00d3N NACIONAL DE PERIODISTAS \u2013 N\u00daCLEO DE IMBABURA<\/p>\n\n\n\n<p>Lcdo. Holger Marcelo Campos Encalada<\/p>\n\n\n\n<p>5 de enero de 2026 \u2013 D\u00eda del Periodista Ecuatoriano**<\/p>\n\n\n\n<p>Se\u00f1oras y se\u00f1ores, colegas periodistas, autoridades, invitados especiales, queridos miembros de la Uni\u00f3n Nacional de Periodistas del N\u00facleo de Imbabura:<\/p>\n\n\n\n<p>Hoy regreso ante ustedes, no s\u00f3lo como colega, no s\u00f3lo como parte de este querido gremio, sino como presidente reelecto de la UNP Imbabura. Y antes de pronunciar una sola idea sobre este d\u00eda tan importante, necesito decir algo desde el coraz\u00f3n:<\/p>\n\n\n\n<p>Gracias. Gracias por la confianza renovada.  Gracias por creer que a\u00fan puedo aportar y conducir. Gracias por permitirme continuar sirviendo a un gremio que es m\u00e1s que una instituci\u00f3n: es una comunidad que piensa, que siente, que recuerda, que sue\u00f1a y que lucha.                                                 Tribunal electoral  <\/p>\n\n\n\n<figure class=\"wp-block-image size-large\"><img fetchpriority=\"high\" decoding=\"async\" width=\"1024\" height=\"509\" src=\"https:\/\/omcemedios.com\/omce\/wp-content\/uploads\/2026\/01\/TRIBUNAL-1024x509.jpeg\" alt=\"\" class=\"wp-image-725\" srcset=\"https:\/\/omcemedios.com\/omce\/wp-content\/uploads\/2026\/01\/TRIBUNAL-1024x509.jpeg 1024w, https:\/\/omcemedios.com\/omce\/wp-content\/uploads\/2026\/01\/TRIBUNAL-300x149.jpeg 300w, https:\/\/omcemedios.com\/omce\/wp-content\/uploads\/2026\/01\/TRIBUNAL-768x382.jpeg 768w, https:\/\/omcemedios.com\/omce\/wp-content\/uploads\/2026\/01\/TRIBUNAL-1536x763.jpeg 1536w, https:\/\/omcemedios.com\/omce\/wp-content\/uploads\/2026\/01\/TRIBUNAL.jpeg 1600w\" sizes=\"(max-width: 1024px) 100vw, 1024px\" \/><\/figure>\n\n\n\n<p>Asumir una presidencia por segunda ocasi\u00f3n no es un premio; es una responsabilidad doble.Es una afirmaci\u00f3n clara de que lo que hicimos no fue suficiente, pero fue un comienzo. Y una invitaci\u00f3n a hacer ahora lo que falta, lo que urge, lo que nos corresponde.<\/p>\n\n\n\n<p>Una fecha que no es ceremonial, sino fundacional . Cada 5 de enero, el Ecuador detiene por unos instantes su ruido cotidiano para recordar algo esencial: el nacimiento del periodismo en nuestro pa\u00eds.<\/p>\n\n\n\n<figure class=\"wp-block-image size-large\"><img decoding=\"async\" width=\"1024\" height=\"767\" src=\"https:\/\/omcemedios.com\/omce\/wp-content\/uploads\/2026\/01\/609855875_18547239427018312_4899685870406663116_n-1024x767.jpg\" alt=\"\" class=\"wp-image-726\" srcset=\"https:\/\/omcemedios.com\/omce\/wp-content\/uploads\/2026\/01\/609855875_18547239427018312_4899685870406663116_n-1024x767.jpg 1024w, https:\/\/omcemedios.com\/omce\/wp-content\/uploads\/2026\/01\/609855875_18547239427018312_4899685870406663116_n-300x225.jpg 300w, https:\/\/omcemedios.com\/omce\/wp-content\/uploads\/2026\/01\/609855875_18547239427018312_4899685870406663116_n-768x575.jpg 768w, https:\/\/omcemedios.com\/omce\/wp-content\/uploads\/2026\/01\/609855875_18547239427018312_4899685870406663116_n.jpg 1440w\" sizes=\"(max-width: 1024px) 100vw, 1024px\" \/><\/figure>\n\n\n\n<p>En 1792, Primicias de la Cultura de Quito abri\u00f3 una grieta luminosa en un tiempo de oscuridad. Su fundador, Eugenio de Santa Cruz y Espejo, desafi\u00f3 estructuras, desnud\u00f3 abusos, cuestion\u00f3 silencios y sembr\u00f3 ideas libertarias cuando decir la verdad era pr\u00e1cticamente un delito.<\/p>\n\n\n\n<p>Y aun as\u00ed lo hizo. No escrib\u00eda para agradar. Escrib\u00eda para mover. No publicaba para ganar elogios. Publicaba para despertar conciencia. No informaba para entretener. Informaba para transformar.<\/p>\n\n\n\n<p>Y hoy, m\u00e1s de dos siglos despu\u00e9s, estamos aqu\u00ed porque esa llama no se extingui\u00f3. Porque ese esp\u00edritu se volvi\u00f3 semilla.<\/p>\n\n\n\n<p>Y porque una naci\u00f3n entera sigue necesitando voces que hagan lo que Espejo hizo: examinar la realidad, cuestionar el poder, defender la dignidad humana y orientar a la ciudadan\u00eda.<\/p>\n\n\n\n<p><strong>Celebrar el periodismo es, tambi\u00e9n, mirarlo con honestidad<\/strong>. Si algo he aprendido como periodista esc\u00e9ptico \u2014y digo esc\u00e9ptico en el sentido m\u00e1s sano del t\u00e9rmino\u2014 es que una conmemoraci\u00f3n no tiene sentido si no viene acompa\u00f1ada de reflexi\u00f3n.<\/p>\n\n\n\n<p>El periodismo vive hoy una etapa compleja. No podemos ignorarlo.<\/p>\n\n\n\n<p>Vivimos tiempos en los que la verdad se ve cercada por intereses, por algoritmos, por la velocidad que mata el an\u00e1lisis, por la precarizaci\u00f3n laboral, por la falta de garant\u00edas, por la presi\u00f3n y por la polarizaci\u00f3n.<\/p>\n\n\n\n<p>No es f\u00e1cil trabajar cuando la ciudadan\u00eda exige precisi\u00f3n absoluta, y al mismo tiempo consume informaci\u00f3n superficial. No es sencillo sostener un medio cuando la econom\u00eda aprieta. No es c\u00f3modo investigar cuando la puerta m\u00e1s dif\u00edcil de tocar es, justamente, la que guarda lo que el poder quiere ocultar. Pero aqu\u00ed estamos.  Los j\u00f3venes, con su energ\u00eda incansable. Los de trayectoria, con su temple afianzado por los a\u00f1os.<\/p>\n\n\n\n<p>Las nuevas voces que llegan sin miedo a innovar. Las voces experimentadas que saben cu\u00e1ndo callar, cu\u00e1ndo insistir y cu\u00e1ndo encender la grabadora.<\/p>\n\n\n\n<p>Y la realidad es simple: Nos necesitamos unos a otros.<\/p>\n\n\n\n<p><strong>A los periodistas j\u00f3venes<\/strong><\/p>\n\n\n\n<p>Perm\u00edtanme empezar con ustedes.  Ustedes vienen al gremio con herramientas nuevas, con lenguajes distintos, con maneras frescas de mirar el mundo. No permitan que nadie les minimice su capacidad. La historia de hoy tambi\u00e9n necesita cronistas j\u00f3venes que sepan contarla con rigor, con empat\u00eda y con creatividad.<\/p>\n\n\n\n<p>Pero les pido algo:  No confundan inmediatez con profundidad. No confundan likes con credibilidad. No confundan viralidad con impacto real. El periodismo no es un escenario para figurar, sino una responsabilidad para servir.<\/p>\n\n\n\n<p>Busquen mentores. Pregunten. Duden. Contrasten. Sean valientes, pero tambi\u00e9n cuidadosos. Sean cr\u00edticos, pero tambi\u00e9n justos. <\/p>\n\n\n\n<figure class=\"wp-block-image size-large\"><img decoding=\"async\" width=\"1024\" height=\"684\" src=\"https:\/\/omcemedios.com\/omce\/wp-content\/uploads\/2026\/01\/WhatsApp-Image-2026-01-05-at-18.39.52-1024x684.jpeg\" alt=\"\" class=\"wp-image-732\" srcset=\"https:\/\/omcemedios.com\/omce\/wp-content\/uploads\/2026\/01\/WhatsApp-Image-2026-01-05-at-18.39.52-1024x684.jpeg 1024w, https:\/\/omcemedios.com\/omce\/wp-content\/uploads\/2026\/01\/WhatsApp-Image-2026-01-05-at-18.39.52-300x201.jpeg 300w, https:\/\/omcemedios.com\/omce\/wp-content\/uploads\/2026\/01\/WhatsApp-Image-2026-01-05-at-18.39.52-768x513.jpeg 768w, https:\/\/omcemedios.com\/omce\/wp-content\/uploads\/2026\/01\/WhatsApp-Image-2026-01-05-at-18.39.52-1536x1027.jpeg 1536w, https:\/\/omcemedios.com\/omce\/wp-content\/uploads\/2026\/01\/WhatsApp-Image-2026-01-05-at-18.39.52.jpeg 1571w\" sizes=\"(max-width: 1024px) 100vw, 1024px\" \/><\/figure>\n\n\n\n<p>A los periodistas de larga trayectoria<\/p>\n\n\n\n<p>A ustedes, con respeto y admiraci\u00f3n. Gracias por ense\u00f1arnos y por resistir. Gracias por continuar.<\/p>\n\n\n\n<p>Gracias por haber sostenido este oficio incluso en los a\u00f1os m\u00e1s oscuros para el pa\u00eds y para los medios. Hoy los j\u00f3venes necesitan sus historias, sus advertencias, sus t\u00e9cnicas, sus memorias.<\/p>\n\n\n\n<p>El gremio necesita su temple. Y la sociedad necesita su ejemplo.<\/p>\n\n\n\n<p>No se retiren del debate. No se aparten de las nuevas generaciones. Son ustedes el archivo vivo de nuestras luchas, y ese archivo no se debe perder. Los problemas actuales no son una pared: son un mapa<\/p>\n\n\n\n<p>Como periodista que ha visto c\u00f3mo cambia el oficio \u2014y c\u00f3mo cambia el pa\u00eds\u2014 no puedo hacer un discurso vac\u00edo. Ser\u00eda irresponsable.<\/p>\n\n\n\n<p>Debemos reconocer que existen: \u2022 medios con condiciones laborales indignas, \u2022 amenazas digitales constantes,\u2022 desinformaci\u00f3n organizada,\u2022 tecnolog\u00edas que pueden desplazar o confundir,\u2022 intereses que quieren domesticar la verdad,\u2022 y una ciudadan\u00eda que, a veces, ya no distingue entre un periodista serio y un generador improvisado.<\/p>\n\n\n\n<p>Pero no basta con reconocerlo. Tenemos que actuar.<\/p>\n\n\n\n<p>Y la soluci\u00f3n, aunque suene grande, tiene un comienzo peque\u00f1o y firme: unidad gremial.<\/p>\n\n\n\n<p>La UNP Imbabura debe ser un faro, no un edificio. Con toda humildad y determinaci\u00f3n quiero decirlo:<\/p>\n\n\n\n<p>Nuestra UNP no puede ser un club cerrado. Debe ser una fuerza viva.  Una instituci\u00f3n que:<\/p>\n\n\n\n<p>\u2013 Capacita permanentemente.<\/p>\n\n\n\n<p>\u2013 Acompa\u00f1a a los colegas en momentos de peligro o conflicto.<\/p>\n\n\n\n<p>\u2013 Defiende al periodista con firmeza y con fundamento.<\/p>\n\n\n\n<p>\u2013 Actualiza sus pr\u00e1cticas.<\/p>\n\n\n\n<p>\u2013 Llama a la \u00e9tica en cada paso.<\/p>\n\n\n\n<p>\u2013 Y construye confianza, no s\u00f3lo discursos.<\/p>\n\n\n\n<p>El pa\u00eds necesita periodistas confiables. Imbabura necesita periodistas confiables.<\/p>\n\n\n\n<p>Y eso no se logra con slogans, sino con trabajo concreto, con formaci\u00f3n, con rigor, con compromiso.<\/p>\n\n\n\n<figure class=\"wp-block-image size-large\"><img loading=\"lazy\" decoding=\"async\" width=\"1024\" height=\"290\" src=\"https:\/\/omcemedios.com\/omce\/wp-content\/uploads\/2026\/01\/WhatsApp-Image-2026-01-05-at-18.41.38-1024x290.jpeg\" alt=\"\" class=\"wp-image-727\" srcset=\"https:\/\/omcemedios.com\/omce\/wp-content\/uploads\/2026\/01\/WhatsApp-Image-2026-01-05-at-18.41.38-1024x290.jpeg 1024w, https:\/\/omcemedios.com\/omce\/wp-content\/uploads\/2026\/01\/WhatsApp-Image-2026-01-05-at-18.41.38-300x85.jpeg 300w, https:\/\/omcemedios.com\/omce\/wp-content\/uploads\/2026\/01\/WhatsApp-Image-2026-01-05-at-18.41.38-768x217.jpeg 768w, https:\/\/omcemedios.com\/omce\/wp-content\/uploads\/2026\/01\/WhatsApp-Image-2026-01-05-at-18.41.38-1536x435.jpeg 1536w, https:\/\/omcemedios.com\/omce\/wp-content\/uploads\/2026\/01\/WhatsApp-Image-2026-01-05-at-18.41.38.jpeg 1600w\" sizes=\"(max-width: 1024px) 100vw, 1024px\" \/><\/figure>\n\n\n\n<p>El nuevo directorio: un equipo para servir, no para figurar<\/p>\n\n\n\n<p>Perm\u00edtanme presentar, con orgullo y gratitud, a quienes caminar\u00e1n conmigo en este per\u00edodo 2026\u20132028:<\/p>\n\n\n\n<p>PRESIDENTE<\/p>\n\n\n\n<p>Lcdo. Holger Marcelo Campos Encalada<\/p>\n\n\n\n<p>VICEPRESIDENCIA<\/p>\n\n\n\n<p>MSc. Consuelo Andrade<\/p>\n\n\n\n<p>TESORERO<\/p>\n\n\n\n<p>Lcdo. David Monge<\/p>\n\n\n\n<p>SECRETARIO<\/p>\n\n\n\n<p>Lcdo. Eduardo V\u00e1squez<\/p>\n\n\n\n<p>ASESOR JUR\u00cdDICO<\/p>\n\n\n\n<p>Abg. William Carrillo<\/p>\n\n\n\n<p>VOCAL PRINCIPAL 1<\/p>\n\n\n\n<p>Dr. Patricio P\u00e9rez<\/p>\n\n\n\n<p>VOCAL SUPLENTE 1<\/p>\n\n\n\n<p>Lcda. Luisana Paredes<\/p>\n\n\n\n<p>VOCAL PRINCIPAL 2<\/p>\n\n\n\n<p>Lcda. Mar\u00eda Dolores Mor\u00e1n<\/p>\n\n\n\n<p>VOCAL SUPLENTE 2<\/p>\n\n\n\n<p>Lcdo. Ramiro Cazar<\/p>\n\n\n\n<p>VOCAL PRINCIPAL 3<\/p>\n\n\n\n<p>Lcda. Patricia Pasquel<\/p>\n\n\n\n<p>VOCAL SUPLENTE 3<\/p>\n\n\n\n<p>Lcdo. Edwin Rold\u00e1n<\/p>\n\n\n\n<p>TRIBUNAL DE HONOR<\/p>\n\n\n\n<p>MSc. M\u00f3nica Valencia, Lcdo. Jacinto Salas, Dr. Eladio Coral<\/p>\n\n\n\n<p>Este es un equipo diverso, profesional, equilibrado y comprometido. Es un equipo que no est\u00e1 aqu\u00ed para ocupar cargos, sino para asumir tareas. No para recibir aplausos, sino para resolver problemas. No para presidir ceremonias, sino para construir soluciones con ustedes.<\/p>\n\n\n\n<p><\/p>\n\n\n\n<figure class=\"wp-block-image size-large\"><img loading=\"lazy\" decoding=\"async\" width=\"1024\" height=\"767\" src=\"https:\/\/omcemedios.com\/omce\/wp-content\/uploads\/2026\/01\/610624826_18547239325018312_3397244689575494904_n-1024x767.jpg\" alt=\"\" class=\"wp-image-728\" srcset=\"https:\/\/omcemedios.com\/omce\/wp-content\/uploads\/2026\/01\/610624826_18547239325018312_3397244689575494904_n-1024x767.jpg 1024w, https:\/\/omcemedios.com\/omce\/wp-content\/uploads\/2026\/01\/610624826_18547239325018312_3397244689575494904_n-300x225.jpg 300w, https:\/\/omcemedios.com\/omce\/wp-content\/uploads\/2026\/01\/610624826_18547239325018312_3397244689575494904_n-768x575.jpg 768w, https:\/\/omcemedios.com\/omce\/wp-content\/uploads\/2026\/01\/610624826_18547239325018312_3397244689575494904_n.jpg 1440w\" sizes=\"(max-width: 1024px) 100vw, 1024px\" \/><\/figure>\n\n\n\n<p>Los invito a caminar junto a este directorio, a pedir, a exigir, a acompa\u00f1ar, a se\u00f1alar cuando sea necesario, y a aportar cuando sea posible. Los cargos no nos separan del gremio. Los cargos nos obligan a servirlo. \u00c9tica, confiabilidad y prop\u00f3sito: tres pilares innegociables. La \u00e9tica no es una frase bonita para actos solemnes. La \u00e9tica es una forma de respirar el periodismo. Es lo que marca la diferencia entre un oficio honesto y una profesi\u00f3n vac\u00eda. La confiabilidad se construye todos los d\u00edas:<\/p>\n\n\n\n<p>\u2013 cuando verificamos,<\/p>\n\n\n\n<p>\u2013 cuando contrastamos,<\/p>\n\n\n\n<p>\u2013 cuando evitamos exagerar,<\/p>\n\n\n\n<p>\u2013 cuando rectificamos con humildad,<\/p>\n\n\n\n<p>\u2013 cuando entendemos que la informaci\u00f3n no es nuestra: es de la ciudadan\u00eda.<\/p>\n\n\n\n<p>Y el prop\u00f3sito, queridos colegas, es lo que mantiene con vida este oficio incluso en tiempos dif\u00edciles.<\/p>\n\n\n\n<p>No estamos aqu\u00ed para competir entre nosotros. Estamos aqu\u00ed para proteger a la comunidad del enga\u00f1o, para iluminar zonas oscuras, para documentar la realidad y para defender la libertad de expresi\u00f3n, que es la primera libertad de todas.<\/p>\n\n\n\n<p><strong>Un llamado final: caminar juntos<\/strong><\/p>\n\n\n\n<p>Hoy, en este D\u00eda del Periodista Ecuatoriano \u2014d\u00eda que honra la valent\u00eda visionaria de Eugenio de Santa Cruz y Espejo\u2014 quiero hacer un llamado profundo, honesto y urgente:  No dejemos que nos dividan. No permitamos que la desinformaci\u00f3n nos supere. No normalicemos las malas pr\u00e1cticas. No renunciemos a la \u00e9tica, ni a la empat\u00eda, ni a la verdad.<\/p>\n\n\n\n<p>Como presidente reelecto, no prometo lo imposible. Prometo trabajo.<\/p>\n\n\n\n<p>Prometo coherencia. Prometo buscar consensos. Prometo escuchar.<\/p>\n\n\n\n<p>Prometo sostener esta instituci\u00f3n con responsabilidad, con firmeza y con humildad.<\/p>\n\n\n\n<p>Pero sobre todo, prometo algo m\u00e1s importante: no caminar\u00e9 adelante ni detr\u00e1s, sino a su lado.<\/p>\n\n\n\n<figure class=\"wp-block-image size-large\"><img loading=\"lazy\" decoding=\"async\" width=\"1024\" height=\"767\" src=\"https:\/\/omcemedios.com\/omce\/wp-content\/uploads\/2026\/01\/unp.-1-1024x767.jpg\" alt=\"\" class=\"wp-image-729\" srcset=\"https:\/\/omcemedios.com\/omce\/wp-content\/uploads\/2026\/01\/unp.-1-1024x767.jpg 1024w, https:\/\/omcemedios.com\/omce\/wp-content\/uploads\/2026\/01\/unp.-1-300x225.jpg 300w, https:\/\/omcemedios.com\/omce\/wp-content\/uploads\/2026\/01\/unp.-1-768x575.jpg 768w, https:\/\/omcemedios.com\/omce\/wp-content\/uploads\/2026\/01\/unp.-1.jpg 1440w\" sizes=\"(max-width: 1024px) 100vw, 1024px\" \/><\/figure>\n\n\n\n<p>Porque el periodismo no se construye desde un escritorio, sino desde la calle, desde la fuente, desde la comunidad, desde la conciencia.  Y as\u00ed como Espejo escribi\u00f3 para liberar, nosotros debemos trabajar para servir.  Queridos colegas:  Sigamos siendo guardianes de la verdad. Sigamos siendo inc\u00f3modos cuando sea necesario.Sigamos siendo sensibles cuando el dolor nos toque. Y sigamos siendo, ante todo, periodistas confiables para Imbabura y para el pa\u00eds.<\/p>\n\n\n\n<p>Gracias nuevamente por la confianza. Gracias por permitirme seguir sirviendo. A ,Anita mi esposa, a mis hijos Juan Marcelo, Fernando Israel y Pablo Andr\u00e9s,\u00a0 a mis nietos Francisco y Alejandro, a mis hermanas y hermanos y familia toda . Gracias , por caminar conmigo.<\/p>\n\n\n\n<figure class=\"wp-block-image size-large\"><img loading=\"lazy\" decoding=\"async\" width=\"1024\" height=\"646\" src=\"https:\/\/omcemedios.com\/omce\/wp-content\/uploads\/2026\/01\/WhatsApp-Image-2026-01-05-at-18.40.57-1024x646.jpeg\" alt=\"\" class=\"wp-image-730\" srcset=\"https:\/\/omcemedios.com\/omce\/wp-content\/uploads\/2026\/01\/WhatsApp-Image-2026-01-05-at-18.40.57-1024x646.jpeg 1024w, https:\/\/omcemedios.com\/omce\/wp-content\/uploads\/2026\/01\/WhatsApp-Image-2026-01-05-at-18.40.57-300x189.jpeg 300w, https:\/\/omcemedios.com\/omce\/wp-content\/uploads\/2026\/01\/WhatsApp-Image-2026-01-05-at-18.40.57-768x485.jpeg 768w, https:\/\/omcemedios.com\/omce\/wp-content\/uploads\/2026\/01\/WhatsApp-Image-2026-01-05-at-18.40.57-1536x969.jpeg 1536w, https:\/\/omcemedios.com\/omce\/wp-content\/uploads\/2026\/01\/WhatsApp-Image-2026-01-05-at-18.40.57.jpeg 1567w\" sizes=\"(max-width: 1024px) 100vw, 1024px\" \/><\/figure>\n\n\n\n<p>\u00a1Que viva el periodismo \u00e9tico!  \u00a1Que viva la UNP Imbabura!  \u00a1Que viva la verdad!<\/p>\n\n\n\n<p>Muchas gracias.<\/p>\n\n\n\n<figure class=\"wp-block-image size-large\"><img loading=\"lazy\" decoding=\"async\" width=\"1024\" height=\"767\" src=\"https:\/\/omcemedios.com\/omce\/wp-content\/uploads\/2026\/01\/611283435_18547239343018312_3648920296436946393_n-1024x767.jpg\" alt=\"\" class=\"wp-image-731\" srcset=\"https:\/\/omcemedios.com\/omce\/wp-content\/uploads\/2026\/01\/611283435_18547239343018312_3648920296436946393_n-1024x767.jpg 1024w, https:\/\/omcemedios.com\/omce\/wp-content\/uploads\/2026\/01\/611283435_18547239343018312_3648920296436946393_n-300x225.jpg 300w, https:\/\/omcemedios.com\/omce\/wp-content\/uploads\/2026\/01\/611283435_18547239343018312_3648920296436946393_n-768x575.jpg 768w, https:\/\/omcemedios.com\/omce\/wp-content\/uploads\/2026\/01\/611283435_18547239343018312_3648920296436946393_n.jpg 1440w\" sizes=\"(max-width: 1024px) 100vw, 1024px\" \/><\/figure>\n","protected":false},"excerpt":{"rendered":"<p>UNI\u00d3N NACIONAL DE PERIODISTAS \u2013 N\u00daCLEO DE IMBABURA Lcdo. Holger Marcelo Campos Encalada 5 de enero de 2026 \u2013 D\u00eda del Periodista Ecuatoriano** Se\u00f1oras y se\u00f1ores, colegas periodistas, autoridades, invitados especiales, queridos miembros de la Uni\u00f3n Nacional de Periodistas del N\u00facleo de Imbabura: Hoy regreso ante ustedes, no s\u00f3lo como colega, no s\u00f3lo como parte [&hellip;]<\/p>\n","protected":false},"author":1,"featured_media":726,"comment_status":"closed","ping_status":"closed","sticky":false,"template":"","format":"standard","meta":{"footnotes":""},"categories":[3],"tags":[],"class_list":["post-724","post","type-post","status-publish","format-standard","has-post-thumbnail","hentry","category-omcealdia"],"_links":{"self":[{"href":"https:\/\/omcemedios.com\/omce\/wp-json\/wp\/v2\/posts\/724","targetHints":{"allow":["GET"]}}],"collection":[{"href":"https:\/\/omcemedios.com\/omce\/wp-json\/wp\/v2\/posts"}],"about":[{"href":"https:\/\/omcemedios.com\/omce\/wp-json\/wp\/v2\/types\/post"}],"author":[{"embeddable":true,"href":"https:\/\/omcemedios.com\/omce\/wp-json\/wp\/v2\/users\/1"}],"replies":[{"embeddable":true,"href":"https:\/\/omcemedios.com\/omce\/wp-json\/wp\/v2\/comments?post=724"}],"version-history":[{"count":1,"href":"https:\/\/omcemedios.com\/omce\/wp-json\/wp\/v2\/posts\/724\/revisions"}],"predecessor-version":[{"id":733,"href":"https:\/\/omcemedios.com\/omce\/wp-json\/wp\/v2\/posts\/724\/revisions\/733"}],"wp:featuredmedia":[{"embeddable":true,"href":"https:\/\/omcemedios.com\/omce\/wp-json\/wp\/v2\/media\/726"}],"wp:attachment":[{"href":"https:\/\/omcemedios.com\/omce\/wp-json\/wp\/v2\/media?parent=724"}],"wp:term":[{"taxonomy":"category","embeddable":true,"href":"https:\/\/omcemedios.com\/omce\/wp-json\/wp\/v2\/categories?post=724"},{"taxonomy":"post_tag","embeddable":true,"href":"https:\/\/omcemedios.com\/omce\/wp-json\/wp\/v2\/tags?post=724"}],"curies":[{"name":"wp","href":"https:\/\/api.w.org\/{rel}","templated":true}]}}