{"id":629,"date":"2025-11-12T16:44:32","date_gmt":"2025-11-12T16:44:32","guid":{"rendered":"https:\/\/omcemedios.com\/omce\/?p=629"},"modified":"2025-11-12T16:52:16","modified_gmt":"2025-11-12T16:52:16","slug":"mirador-politico-5-analizo-las-preguntas-del-referendum-y-consulta-popular","status":"publish","type":"post","link":"https:\/\/omcemedios.com\/omce\/2025\/11\/12\/mirador-politico-5-analizo-las-preguntas-del-referendum-y-consulta-popular\/","title":{"rendered":"\u201cMIRADOR POL\u00cdTICO\u201d 5 ANALIZ\u00d3 LAS PREGUNTAS DEL REFER\u00c9NDUM Y CONSULTA POPULAR"},"content":{"rendered":"\n<p><\/p>\n\n\n\n<p>Panelistas del programa 5 , coincidieron en respaldar el NO, por lo que, especial \u00e9nfasis se puso en la argumentaci\u00f3n y an\u00e1lisis del porqu\u00e9 de esta decisi\u00f3n.<\/p>\n\n\n\n<p>El programa \u201cMirador Pol\u00edtico\u201d, transmitido por la Plataforma Intercultural OMCEmedios y medios aliados, present\u00f3 el quinto espacio de an\u00e1lisis ciudadano en torno a las cuatro preguntas del refer\u00e9ndum y consulta popular convocadas por el Consejo Nacional Electoral (CNE). En esta edici\u00f3n participaron dos panelistas invitados, Jos\u00e9 Quimbo y Felipe Vega, quienes coincidieron en respaldar la opci\u00f3n NO en las cuatro interrogantes planteadas al pa\u00eds.<\/p>\n\n\n\n<figure class=\"wp-block-image size-full\"><img fetchpriority=\"high\" decoding=\"async\" width=\"975\" height=\"509\" src=\"https:\/\/omcemedios.com\/omce\/wp-content\/uploads\/2025\/11\/en-set-jose-y-vega-WhatsApp-Image-2025-11-12-at-11.04.00.jpeg\" alt=\"\" class=\"wp-image-630\" srcset=\"https:\/\/omcemedios.com\/omce\/wp-content\/uploads\/2025\/11\/en-set-jose-y-vega-WhatsApp-Image-2025-11-12-at-11.04.00.jpeg 975w, https:\/\/omcemedios.com\/omce\/wp-content\/uploads\/2025\/11\/en-set-jose-y-vega-WhatsApp-Image-2025-11-12-at-11.04.00-300x157.jpeg 300w, https:\/\/omcemedios.com\/omce\/wp-content\/uploads\/2025\/11\/en-set-jose-y-vega-WhatsApp-Image-2025-11-12-at-11.04.00-768x401.jpeg 768w\" sizes=\"(max-width: 975px) 100vw, 975px\" \/><\/figure>\n\n\n\n<p>Durante el di\u00e1logo, los panelistas destacaron que la ciudadan\u00eda debe informarse con responsabilidad y ejercer su voto de manera consciente, pues las decisiones que se tomen influir\u00e1n directamente en el futuro pol\u00edtico y democr\u00e1tico del Ecuador. Mire la entrevista completa en este link<\/p>\n\n\n\n<p>Y de acuerdo en el formato en este d\u00eda nos enfocamos a la tercera pregunta, referente a la composici\u00f3n de la Asamblea Nacional, que plantea:<\/p>\n\n\n\n<p>\u201c\u00bfEst\u00e1 usted de acuerdo con reducir el n\u00famero de asamble\u00edstas y que se los elija con el siguiente criterio: 10 nacionales, uno por provincia y uno adicional por cada 400.000 habitantes?\u201d<\/p>\n\n\n\n<figure class=\"wp-block-image size-full\"><img decoding=\"async\" width=\"994\" height=\"555\" src=\"https:\/\/omcemedios.com\/omce\/wp-content\/uploads\/2025\/11\/jose-quimbo.jpeg\" alt=\"\" class=\"wp-image-631\" srcset=\"https:\/\/omcemedios.com\/omce\/wp-content\/uploads\/2025\/11\/jose-quimbo.jpeg 994w, https:\/\/omcemedios.com\/omce\/wp-content\/uploads\/2025\/11\/jose-quimbo-300x168.jpeg 300w, https:\/\/omcemedios.com\/omce\/wp-content\/uploads\/2025\/11\/jose-quimbo-768x429.jpeg 768w\" sizes=\"(max-width: 994px) 100vw, 994px\" \/><\/figure>\n\n\n\n<p>Ambos analistas argumentaron que esta propuesta, lejos de garantizar una mejor representaci\u00f3n, podr\u00eda debilitar la representatividad territorial y pol\u00edtica, afectando a las provincias con menor poblaci\u00f3n y reduciendo la pluralidad dentro del \u00f3rgano legislativo. Coincidieron en que una verdadera reforma deber\u00eda priorizar la calidad y transparencia de la funci\u00f3n legislativa, m\u00e1s que la reducci\u00f3n num\u00e9rica de sus integrantes.<\/p>\n\n\n\n<p>Asimismo, expresaron que el debate nacional debe orientarse hacia la renovaci\u00f3n \u00e9tica y la rendici\u00f3n de cuentas de los asamble\u00edstas, en lugar de promover reformas que podr\u00edan concentrar a\u00fan m\u00e1s el poder pol\u00edtico y restar voz a las regiones.<\/p>\n\n\n\n<p>En el an\u00e1lisis de las encuestas realizadas, los defensores del \u201cS\u00ed\u201d en cambio creen que una Asamblea m\u00e1s peque\u00f1a ser\u00eda m\u00e1s eficiente, menos costosa y m\u00e1s cercana a la ciudadan\u00eda.<\/p>\n\n\n\n<p>Afirman que el exceso de curules no ha garantizado mejor representaci\u00f3n, y que un n\u00famero menor permitir\u00eda optimizar recursos p\u00fablicos.<\/p>\n\n\n\n<p>Defienden que el problema no es la cantidad de legisladores, sino la calidad de sus funciones y el compromiso \u00e9tico de quienes son elegidos.<\/p>\n\n\n\n<p>Este programa nos invita a pensar en qu\u00e9 tipo de representaci\u00f3n queremos para nuestro pa\u00eds.<\/p>\n\n\n\n<p>El 16 de noviembre, su voto ayudar\u00e1 a definir ese modelo de democracia.<\/p>\n\n\n\n<p>Desde OMCEmedios y su red de medios aliados \u2014En REC, Apangora TV, Qu\u00e9 Bien TV, la redes de Radio Armon\u00eda y Sat\u00e9lite Radio \u2014 agradecemos a los panelistas que contribuyeron con su conocimiento a este di\u00e1logo nacional.<\/p>\n\n\n\n<figure class=\"wp-block-image size-full\"><img decoding=\"async\" width=\"970\" height=\"540\" src=\"https:\/\/omcemedios.com\/omce\/wp-content\/uploads\/2025\/11\/felipe.jpeg\" alt=\"\" class=\"wp-image-632\" srcset=\"https:\/\/omcemedios.com\/omce\/wp-content\/uploads\/2025\/11\/felipe.jpeg 970w, https:\/\/omcemedios.com\/omce\/wp-content\/uploads\/2025\/11\/felipe-300x167.jpeg 300w, https:\/\/omcemedios.com\/omce\/wp-content\/uploads\/2025\/11\/felipe-768x428.jpeg 768w\" sizes=\"(max-width: 970px) 100vw, 970px\" \/><\/figure>\n\n\n\n<p>Porque solo una ciudadan\u00eda informada puede decidir con libertad y esperanza.<\/p>\n\n\n\n<p>El programa concluy\u00f3 reafirmando el compromiso de \u201cMirador Pol\u00edtico\u201d con la informaci\u00f3n plural, el an\u00e1lisis responsable y la participaci\u00f3n democr\u00e1tica, invitando a la ciudadan\u00eda a seguir las pr\u00f3ximas emisiones de este espacio de reflexi\u00f3n p\u00fablica.<\/p>\n","protected":false},"excerpt":{"rendered":"<p>Panelistas del programa 5 , coincidieron en respaldar el NO, por lo que, especial \u00e9nfasis se puso en la argumentaci\u00f3n y an\u00e1lisis del porqu\u00e9 de esta decisi\u00f3n. El programa \u201cMirador Pol\u00edtico\u201d, transmitido por la Plataforma Intercultural OMCEmedios y medios aliados, present\u00f3 el quinto espacio de an\u00e1lisis ciudadano en torno a las cuatro preguntas del refer\u00e9ndum [&hellip;]<\/p>\n","protected":false},"author":1,"featured_media":630,"comment_status":"closed","ping_status":"closed","sticky":false,"template":"","format":"standard","meta":{"footnotes":""},"categories":[3],"tags":[],"class_list":["post-629","post","type-post","status-publish","format-standard","has-post-thumbnail","hentry","category-omcealdia"],"_links":{"self":[{"href":"https:\/\/omcemedios.com\/omce\/wp-json\/wp\/v2\/posts\/629","targetHints":{"allow":["GET"]}}],"collection":[{"href":"https:\/\/omcemedios.com\/omce\/wp-json\/wp\/v2\/posts"}],"about":[{"href":"https:\/\/omcemedios.com\/omce\/wp-json\/wp\/v2\/types\/post"}],"author":[{"embeddable":true,"href":"https:\/\/omcemedios.com\/omce\/wp-json\/wp\/v2\/users\/1"}],"replies":[{"embeddable":true,"href":"https:\/\/omcemedios.com\/omce\/wp-json\/wp\/v2\/comments?post=629"}],"version-history":[{"count":1,"href":"https:\/\/omcemedios.com\/omce\/wp-json\/wp\/v2\/posts\/629\/revisions"}],"predecessor-version":[{"id":633,"href":"https:\/\/omcemedios.com\/omce\/wp-json\/wp\/v2\/posts\/629\/revisions\/633"}],"wp:featuredmedia":[{"embeddable":true,"href":"https:\/\/omcemedios.com\/omce\/wp-json\/wp\/v2\/media\/630"}],"wp:attachment":[{"href":"https:\/\/omcemedios.com\/omce\/wp-json\/wp\/v2\/media?parent=629"}],"wp:term":[{"taxonomy":"category","embeddable":true,"href":"https:\/\/omcemedios.com\/omce\/wp-json\/wp\/v2\/categories?post=629"},{"taxonomy":"post_tag","embeddable":true,"href":"https:\/\/omcemedios.com\/omce\/wp-json\/wp\/v2\/tags?post=629"}],"curies":[{"name":"wp","href":"https:\/\/api.w.org\/{rel}","templated":true}]}}