{"id":626,"date":"2025-11-12T16:38:54","date_gmt":"2025-11-12T16:38:54","guid":{"rendered":"https:\/\/omcemedios.com\/omce\/?p=626"},"modified":"2025-11-12T16:38:55","modified_gmt":"2025-11-12T16:38:55","slug":"frente-ecuatoriano-apartidista","status":"publish","type":"post","link":"https:\/\/omcemedios.com\/omce\/2025\/11\/12\/frente-ecuatoriano-apartidista\/","title":{"rendered":"FRENTE ECUATORIANO APARTIDISTA"},"content":{"rendered":"\n<p><br>El Bur\u00f3 del FRENTE ECUATORIANO APARTIDISTA &#8211; TERCERA V\u00cdA, excluyendo al partidismo politiquero y luego de un<br>profundo an\u00e1lisis de la situaci\u00f3n social, pol\u00edtica y econ\u00f3mica que vive el pa\u00eds, resuelve un\u00e1nimemente emitir el siguiente<br>pronunciamiento hacia la ciudadan\u00eda:<\/p>\n\n\n\n<figure class=\"wp-block-image size-large\"><img fetchpriority=\"high\" decoding=\"async\" width=\"1024\" height=\"1007\" src=\"https:\/\/omcemedios.com\/omce\/wp-content\/uploads\/2025\/11\/apartidista-1024x1007.jpeg\" alt=\"\" class=\"wp-image-627\" srcset=\"https:\/\/omcemedios.com\/omce\/wp-content\/uploads\/2025\/11\/apartidista-1024x1007.jpeg 1024w, https:\/\/omcemedios.com\/omce\/wp-content\/uploads\/2025\/11\/apartidista-300x295.jpeg 300w, https:\/\/omcemedios.com\/omce\/wp-content\/uploads\/2025\/11\/apartidista-768x755.jpeg 768w, https:\/\/omcemedios.com\/omce\/wp-content\/uploads\/2025\/11\/apartidista.jpeg 1280w\" sizes=\"(max-width: 1024px) 100vw, 1024px\" \/><\/figure>\n\n\n\n<ol class=\"wp-block-list\">\n<li>El Ecuador vive una gran crisis de valores patri\u00f3ticos, sociales y econ\u00f3micos que, de continuar as\u00ed, la posibilidad de la<br>destrucci\u00f3n nacional ser\u00eda un hecho incontrolable.<\/li>\n\n\n\n<li>La Constituci\u00f3n actual es madre de organismos y leyes que a\u00fapan y toleran la corrupci\u00f3n y la impunidad, una corrupci\u00f3n<br>institucionalizada que se expresa en violencia, crimen organizado, terrorismo, inseguridad jur\u00eddica e inseguridad social, nunca<br>antes registradas en la historia ecuatoriana.<\/li>\n\n\n\n<li>Estos alarmantes hechos nos obligan a los ecuatorianos que amamos a la Patria, a plantear una reingenier\u00eda en la<br>administraci\u00f3n de la Rep\u00fablica del Ecuador, acorde con los m\u00e1s sagrados principios heredados por nuestros h\u00e9roes.<\/li>\n\n\n\n<li>Aunque tard\u00edamente se ha convocado a una Consulta Popular que procura sanear en algo la problem\u00e1tica que sufrimos los<br>ecuatorianos, creemos que las preguntas planteadas en dicha consulta apuntan a solucionar algunos problemas insuperables,<br>si se mantiene vigente la actual Constituci\u00f3n.<\/li>\n\n\n\n<li>Por las razones expuestas, declaramos que es nuestra obligaci\u00f3n patri\u00f3tica votar por el S\u00cd en todas y cada una de las peguntas<br>planteadas en la Consulta.<\/li>\n\n\n\n<li>Hacemos un clamoroso llamado a que los ciudadanos amantes de la Patria, la libertad, la paz y la justicia se sumen a esta<br>iniciativa hist\u00f3rica, votando S\u00cd, en busca de un futuro digno para nosotros, nuestros hijos y las futuras generaciones.<\/li>\n\n\n\n<li>Aclaramos que estamos en contra de los partidos, grupos y movimientos pol\u00edticos que son y han sido los autores de la<br>desgracia nacional. Esta realidad nos permite hacer un llamado a la ciudadan\u00eda para que no se deje enga\u00f1ar por los mismos<br>politiqueros de siempre, que ya est\u00e1n asomando con sus \u201cpropuestas, reuniones, arreglos, toma y daca\u201d, promesas y m\u00e1s farsas<br>para conseguir el puestito de asamble\u00edstas constituyentes. La nueva Carta Magna no debe ser otro disparate jur\u00eddico.<\/li>\n\n\n\n<li>Al expresarnos en favor del S\u00cd en la Consulta Popular, aclaramos que no estamos comprometidos con el movimiento ADN<br>ni con la persona del presidente de la Rep\u00fablica, nuestro compromiso est\u00e1 con y por las necesidades del pueblo, por una Patria<br>Nueva y la lucha contra la corrupci\u00f3n, la impunidad, la injusticia, el terrorismo, la delincuencia organizada y la inmoralidad.<\/li>\n\n\n\n<li>Ratificamos nuestra decisi\u00f3n de que no esperamos ni pedimos favores pol\u00edticos de ning\u00fan g\u00e9nero.<br>Ibarra, 3 de noviembre del 2025.<\/li>\n<\/ol>\n\n\n\n<figure class=\"wp-block-image size-large\"><img decoding=\"async\" width=\"1003\" height=\"1024\" src=\"https:\/\/omcemedios.com\/omce\/wp-content\/uploads\/2025\/10\/pedro-pablo-wasap-WhatsApp-Image-2025-10-31-at-12.06.53-1003x1024.jpeg\" alt=\"\" class=\"wp-image-538\" srcset=\"https:\/\/omcemedios.com\/omce\/wp-content\/uploads\/2025\/10\/pedro-pablo-wasap-WhatsApp-Image-2025-10-31-at-12.06.53-1003x1024.jpeg 1003w, https:\/\/omcemedios.com\/omce\/wp-content\/uploads\/2025\/10\/pedro-pablo-wasap-WhatsApp-Image-2025-10-31-at-12.06.53-294x300.jpeg 294w, https:\/\/omcemedios.com\/omce\/wp-content\/uploads\/2025\/10\/pedro-pablo-wasap-WhatsApp-Image-2025-10-31-at-12.06.53-768x784.jpeg 768w, https:\/\/omcemedios.com\/omce\/wp-content\/uploads\/2025\/10\/pedro-pablo-wasap-WhatsApp-Image-2025-10-31-at-12.06.53-1504x1536.jpeg 1504w, https:\/\/omcemedios.com\/omce\/wp-content\/uploads\/2025\/10\/pedro-pablo-wasap-WhatsApp-Image-2025-10-31-at-12.06.53.jpeg 1567w\" sizes=\"(max-width: 1003px) 100vw, 1003px\" \/><\/figure>\n\n\n\n<p>Ibarra: S\u00e1nchez y Cifuentes y Juan de Velasco, edificio de la gobernaci\u00f3n de Imbabura, oficina 13.<br>09 82 390 613 2<br>FRENTE ECUATORIANO APARTIDISTA<br>Por el movimiento TERCERA V\u00cdA, el Bur\u00f3 del FRENTE ECUATORIANO APARTIDISTA de Imbabura:<br>Dr. Ing. Pedro Pablo Caicedo Cnel. E.M.T. AVC. (S.P.) Gustavo Almeida Carranco<\/p>\n","protected":false},"excerpt":{"rendered":"<p>El Bur\u00f3 del FRENTE ECUATORIANO APARTIDISTA &#8211; TERCERA V\u00cdA, excluyendo al partidismo politiquero y luego de unprofundo an\u00e1lisis de la situaci\u00f3n social, pol\u00edtica y econ\u00f3mica que vive el pa\u00eds, resuelve un\u00e1nimemente emitir el siguientepronunciamiento hacia la ciudadan\u00eda: Ibarra: S\u00e1nchez y Cifuentes y Juan de Velasco, edificio de la gobernaci\u00f3n de Imbabura, oficina 13.09 82 390 [&hellip;]<\/p>\n","protected":false},"author":1,"featured_media":627,"comment_status":"closed","ping_status":"closed","sticky":false,"template":"","format":"standard","meta":{"footnotes":""},"categories":[3],"tags":[],"class_list":["post-626","post","type-post","status-publish","format-standard","has-post-thumbnail","hentry","category-omcealdia"],"_links":{"self":[{"href":"https:\/\/omcemedios.com\/omce\/wp-json\/wp\/v2\/posts\/626","targetHints":{"allow":["GET"]}}],"collection":[{"href":"https:\/\/omcemedios.com\/omce\/wp-json\/wp\/v2\/posts"}],"about":[{"href":"https:\/\/omcemedios.com\/omce\/wp-json\/wp\/v2\/types\/post"}],"author":[{"embeddable":true,"href":"https:\/\/omcemedios.com\/omce\/wp-json\/wp\/v2\/users\/1"}],"replies":[{"embeddable":true,"href":"https:\/\/omcemedios.com\/omce\/wp-json\/wp\/v2\/comments?post=626"}],"version-history":[{"count":1,"href":"https:\/\/omcemedios.com\/omce\/wp-json\/wp\/v2\/posts\/626\/revisions"}],"predecessor-version":[{"id":628,"href":"https:\/\/omcemedios.com\/omce\/wp-json\/wp\/v2\/posts\/626\/revisions\/628"}],"wp:featuredmedia":[{"embeddable":true,"href":"https:\/\/omcemedios.com\/omce\/wp-json\/wp\/v2\/media\/627"}],"wp:attachment":[{"href":"https:\/\/omcemedios.com\/omce\/wp-json\/wp\/v2\/media?parent=626"}],"wp:term":[{"taxonomy":"category","embeddable":true,"href":"https:\/\/omcemedios.com\/omce\/wp-json\/wp\/v2\/categories?post=626"},{"taxonomy":"post_tag","embeddable":true,"href":"https:\/\/omcemedios.com\/omce\/wp-json\/wp\/v2\/tags?post=626"}],"curies":[{"name":"wp","href":"https:\/\/api.w.org\/{rel}","templated":true}]}}