{"id":621,"date":"2025-11-12T16:28:05","date_gmt":"2025-11-12T16:28:05","guid":{"rendered":"https:\/\/omcemedios.com\/omce\/?p=621"},"modified":"2025-11-12T17:49:49","modified_gmt":"2025-11-12T17:49:49","slug":"programa-4-el-mirador-politico","status":"publish","type":"post","link":"https:\/\/omcemedios.com\/omce\/2025\/11\/12\/programa-4-el-mirador-politico\/","title":{"rendered":"PROGRAMA 4 EL \u201cMIRADOR POL\u00cdTICO\u201d"},"content":{"rendered":"\n<p>Nuestros panelistas invitados; Dr. Jos\u00e9 Luis Jaramillo Puente y MSc Fausto Giraldo. A quienes agradecemos por su postura y buen conocimiento del tema<\/p>\n\n\n\n<p>Les invito a ver el programa completo en el siguiente link<\/p>\n\n\n\n<p><a href=\"https:\/\/www.facebook.com\/61564003044963\/videos\/1003787788592496\">https:\/\/www.facebook.com\/61564003044963\/videos\/1003787788592496<\/a><\/p>\n\n\n\n<figure class=\"wp-block-image size-full\"><img fetchpriority=\"high\" decoding=\"async\" width=\"988\" height=\"506\" src=\"https:\/\/omcemedios.com\/omce\/wp-content\/uploads\/2025\/11\/en-set-1.jpeg\" alt=\"\" class=\"wp-image-622\" srcset=\"https:\/\/omcemedios.com\/omce\/wp-content\/uploads\/2025\/11\/en-set-1.jpeg 988w, https:\/\/omcemedios.com\/omce\/wp-content\/uploads\/2025\/11\/en-set-1-300x154.jpeg 300w, https:\/\/omcemedios.com\/omce\/wp-content\/uploads\/2025\/11\/en-set-1-768x393.jpeg 768w\" sizes=\"(max-width: 988px) 100vw, 988px\" \/><\/figure>\n\n\n\n<p>Fue un programa con altura de acuerdo a la preparaci\u00f3n y respeto que ambos contertulios expresaron. Hoy y de acuerdo al formato del programa analizamos la pregunta:<\/p>\n\n\n\n<p>\u00bfEst\u00e1 usted de acuerdo con que se elimine la obligaci\u00f3n del Estado de asignar recursos del Presupuesto General del Estado a las organizaciones pol\u00edticas?<\/p>\n\n\n\n<figure class=\"wp-block-image size-full\"><img decoding=\"async\" width=\"889\" height=\"558\" src=\"https:\/\/omcemedios.com\/omce\/wp-content\/uploads\/2025\/11\/dra-jaraillo-en-set.jpeg\" alt=\"\" class=\"wp-image-623\" srcset=\"https:\/\/omcemedios.com\/omce\/wp-content\/uploads\/2025\/11\/dra-jaraillo-en-set.jpeg 889w, https:\/\/omcemedios.com\/omce\/wp-content\/uploads\/2025\/11\/dra-jaraillo-en-set-300x188.jpeg 300w, https:\/\/omcemedios.com\/omce\/wp-content\/uploads\/2025\/11\/dra-jaraillo-en-set-768x482.jpeg 768w\" sizes=\"(max-width: 889px) 100vw, 889px\" \/><\/figure>\n\n\n\n<p>Quienes apoyan el \u201cS\u00ed\u201d argumentan que eliminar este financiamiento aliviar\u00eda el gasto p\u00fablico y evitar\u00eda el mal uso de fondos destinados a la pol\u00edtica.<\/p>\n\n\n\n<p>Consideran que los partidos deben sostenerse con el aporte de sus militantes y no con dinero estatal.<\/p>\n\n\n\n<p>En cambio, quienes defienden el \u201cNo\u201d sostienen que, sin financiamiento p\u00fablico, la pol\u00edtica quedar\u00eda en manos de intereses privados, debilitando la equidad electoral y favoreciendo a los grupos con m\u00e1s recursos econ\u00f3micos.<\/p>\n\n\n\n<p>Para ellos, el financiamiento estatal garantiza igualdad de condiciones y transparencia.<\/p>\n\n\n\n<p>Ambas posturas tocaron el fondo del tema: c\u00f3mo lograr una pol\u00edtica m\u00e1s limpia, justa y representativa.<\/p>\n\n\n\n<p>Este 16 de noviembre, su voto ser\u00e1 una decisi\u00f3n sobre el modelo de financiamiento que queremos para nuestra democracia.<\/p>\n\n\n\n<figure class=\"wp-block-image size-full\"><img decoding=\"async\" width=\"838\" height=\"574\" src=\"https:\/\/omcemedios.com\/omce\/wp-content\/uploads\/2025\/11\/fasuto-girladfo-en-set.jpeg\" alt=\"\" class=\"wp-image-624\" srcset=\"https:\/\/omcemedios.com\/omce\/wp-content\/uploads\/2025\/11\/fasuto-girladfo-en-set.jpeg 838w, https:\/\/omcemedios.com\/omce\/wp-content\/uploads\/2025\/11\/fasuto-girladfo-en-set-300x205.jpeg 300w, https:\/\/omcemedios.com\/omce\/wp-content\/uploads\/2025\/11\/fasuto-girladfo-en-set-768x526.jpeg 768w\" sizes=\"(max-width: 838px) 100vw, 838px\" \/><\/figure>\n\n\n\n<p>Desde OMCEmedios, en alianza con En REC, Apangora TV, Qu\u00e9 Bien TV, Armon\u00eda, Sat\u00e9lite Radio y otras redes ciudadanas, agradecemos a todos los expertos que han contribuido a este debate plural.&nbsp; Inf\u00f3rmese, reflexione y participe.<\/p>\n\n\n\n<p>Porque una democracia informada, es una democracia que brilla.<\/p>\n","protected":false},"excerpt":{"rendered":"<p>Nuestros panelistas invitados; Dr. Jos\u00e9 Luis Jaramillo Puente y MSc Fausto Giraldo. A quienes agradecemos por su postura y buen conocimiento del tema Les invito a ver el programa completo en el siguiente link https:\/\/www.facebook.com\/61564003044963\/videos\/1003787788592496 Fue un programa con altura de acuerdo a la preparaci\u00f3n y respeto que ambos contertulios expresaron. Hoy y de acuerdo [&hellip;]<\/p>\n","protected":false},"author":1,"featured_media":622,"comment_status":"closed","ping_status":"closed","sticky":false,"template":"","format":"standard","meta":{"footnotes":""},"categories":[3],"tags":[],"class_list":["post-621","post","type-post","status-publish","format-standard","has-post-thumbnail","hentry","category-omcealdia"],"_links":{"self":[{"href":"https:\/\/omcemedios.com\/omce\/wp-json\/wp\/v2\/posts\/621","targetHints":{"allow":["GET"]}}],"collection":[{"href":"https:\/\/omcemedios.com\/omce\/wp-json\/wp\/v2\/posts"}],"about":[{"href":"https:\/\/omcemedios.com\/omce\/wp-json\/wp\/v2\/types\/post"}],"author":[{"embeddable":true,"href":"https:\/\/omcemedios.com\/omce\/wp-json\/wp\/v2\/users\/1"}],"replies":[{"embeddable":true,"href":"https:\/\/omcemedios.com\/omce\/wp-json\/wp\/v2\/comments?post=621"}],"version-history":[{"count":1,"href":"https:\/\/omcemedios.com\/omce\/wp-json\/wp\/v2\/posts\/621\/revisions"}],"predecessor-version":[{"id":625,"href":"https:\/\/omcemedios.com\/omce\/wp-json\/wp\/v2\/posts\/621\/revisions\/625"}],"wp:featuredmedia":[{"embeddable":true,"href":"https:\/\/omcemedios.com\/omce\/wp-json\/wp\/v2\/media\/622"}],"wp:attachment":[{"href":"https:\/\/omcemedios.com\/omce\/wp-json\/wp\/v2\/media?parent=621"}],"wp:term":[{"taxonomy":"category","embeddable":true,"href":"https:\/\/omcemedios.com\/omce\/wp-json\/wp\/v2\/categories?post=621"},{"taxonomy":"post_tag","embeddable":true,"href":"https:\/\/omcemedios.com\/omce\/wp-json\/wp\/v2\/tags?post=621"}],"curies":[{"name":"wp","href":"https:\/\/api.w.org\/{rel}","templated":true}]}}