{"id":611,"date":"2025-11-10T16:11:40","date_gmt":"2025-11-10T16:11:40","guid":{"rendered":"https:\/\/omcemedios.com\/omce\/?p=611"},"modified":"2025-11-10T16:11:58","modified_gmt":"2025-11-10T16:11:58","slug":"el-mirador-politico-prog-3","status":"publish","type":"post","link":"https:\/\/omcemedios.com\/omce\/2025\/11\/10\/el-mirador-politico-prog-3\/","title":{"rendered":"EL MIRADOR POL\u00cdTICO PROG 3"},"content":{"rendered":"\n<p><strong>REDUCCI\u00d3N DE ASAMBLE\u00cdSTAS<\/strong><\/p>\n\n\n\n<p>Programa numero tres del Mirador pol\u00edtico realzado el viernes 7 de noviembre, realizado con normalidad y el espeto caracter\u00edstico de este programa, invitamos a ver toda la entrevista en el siguiente link.<\/p>\n\n\n\n<p><a href=\"https:\/\/www.facebook.com\/61564003044963\/videos\/2388275438256641\">https:\/\/www.facebook.com\/61564003044963\/videos\/2388275438256641<\/a><\/p>\n\n\n\n<figure class=\"wp-block-image size-full\"><img fetchpriority=\"high\" decoding=\"async\" width=\"985\" height=\"537\" src=\"https:\/\/omcemedios.com\/omce\/wp-content\/uploads\/2025\/11\/TOMA-PROGRA-3.jpeg\" alt=\"\" class=\"wp-image-613\" srcset=\"https:\/\/omcemedios.com\/omce\/wp-content\/uploads\/2025\/11\/TOMA-PROGRA-3.jpeg 985w, https:\/\/omcemedios.com\/omce\/wp-content\/uploads\/2025\/11\/TOMA-PROGRA-3-300x164.jpeg 300w, https:\/\/omcemedios.com\/omce\/wp-content\/uploads\/2025\/11\/TOMA-PROGRA-3-768x419.jpeg 768w\" sizes=\"(max-width: 985px) 100vw, 985px\" \/><\/figure>\n\n\n\n<p>Ahora cumpliendo el formato del programa, analizamos la tercera pregunta de la consulta que se refiere a la composici\u00f3n de la Asamblea Nacional:<\/p>\n\n\n\n<p>\u00bfEst\u00e1 usted de acuerdo con reducir el n\u00famero de asamble\u00edstas y que se los elija con el siguiente criterio: 10 nacionales, uno por provincia y uno adicional por cada 400.000 habitantes?<\/p>\n\n\n\n<figure class=\"wp-block-image size-full\"><img decoding=\"async\" width=\"843\" height=\"555\" src=\"https:\/\/omcemedios.com\/omce\/wp-content\/uploads\/2025\/11\/CARLO-LEITON-WhatsApp-Image-2025-11-10-at-11.01.54.jpeg\" alt=\"\" class=\"wp-image-614\" srcset=\"https:\/\/omcemedios.com\/omce\/wp-content\/uploads\/2025\/11\/CARLO-LEITON-WhatsApp-Image-2025-11-10-at-11.01.54.jpeg 843w, https:\/\/omcemedios.com\/omce\/wp-content\/uploads\/2025\/11\/CARLO-LEITON-WhatsApp-Image-2025-11-10-at-11.01.54-300x198.jpeg 300w, https:\/\/omcemedios.com\/omce\/wp-content\/uploads\/2025\/11\/CARLO-LEITON-WhatsApp-Image-2025-11-10-at-11.01.54-768x506.jpeg 768w\" sizes=\"(max-width: 843px) 100vw, 843px\" \/><\/figure>\n\n\n\n<p>Los defensores del \u201cS\u00ed\u201d creen que una Asamblea m\u00e1s peque\u00f1a ser\u00eda m\u00e1s eficiente, menos costosa y m\u00e1s cercana a la ciudadan\u00eda.<\/p>\n\n\n\n<p>Afirman que el exceso de curules no ha garantizado mejor representaci\u00f3n, y que un n\u00famero menor permitir\u00eda optimizar recursos p\u00fablicos.<\/p>\n\n\n\n<p>Por su parte, quienes votar\u00e1n \u201cNo\u201d advierten que reducir asamble\u00edstas podr\u00eda limitar la representaci\u00f3n de provincias peque\u00f1as y sectores minoritarios, debilitando el principio de pluralidad democr\u00e1tica.<\/p>\n\n\n\n<p>Defienden que el problema no es la cantidad de legisladores, sino la calidad de sus funciones y el compromiso \u00e9tico de quienes son elegidos.<\/p>\n\n\n\n<p>Este debate nos invita a pensar en qu\u00e9 tipo de representaci\u00f3n queremos para nuestro pa\u00eds.<\/p>\n\n\n\n<p>El 16 de noviembre, su voto ayudar\u00e1 a definir ese modelo de democracia.<\/p>\n\n\n\n<figure class=\"wp-block-image size-full\"><img decoding=\"async\" width=\"976\" height=\"540\" src=\"https:\/\/omcemedios.com\/omce\/wp-content\/uploads\/2025\/11\/RAMIRO-MANTILLA-PRO-1.jpeg\" alt=\"\" class=\"wp-image-615\" srcset=\"https:\/\/omcemedios.com\/omce\/wp-content\/uploads\/2025\/11\/RAMIRO-MANTILLA-PRO-1.jpeg 976w, https:\/\/omcemedios.com\/omce\/wp-content\/uploads\/2025\/11\/RAMIRO-MANTILLA-PRO-1-300x166.jpeg 300w, https:\/\/omcemedios.com\/omce\/wp-content\/uploads\/2025\/11\/RAMIRO-MANTILLA-PRO-1-768x425.jpeg 768w\" sizes=\"(max-width: 976px) 100vw, 976px\" \/><\/figure>\n\n\n\n<p>Desde OMCEmedios y su red de medios aliados \u2014En REC, Apangora TV, Qu\u00e9 Bien TV, Armon\u00eda y Sat\u00e9lite Radio\u2014 agradecemos a los panelistas ,Dr. Ramiro Mantilla Valencia &nbsp;y Dr. Carlos Leiton del castillo que contribuyeron con su conocimiento a este di\u00e1logo nacional. Porque solo una ciudadan\u00eda informada puede decidir con libertad y esperanza<\/p>\n","protected":false},"excerpt":{"rendered":"<p>REDUCCI\u00d3N DE ASAMBLE\u00cdSTAS Programa numero tres del Mirador pol\u00edtico realzado el viernes 7 de noviembre, realizado con normalidad y el espeto caracter\u00edstico de este programa, invitamos a ver toda la entrevista en el siguiente link. https:\/\/www.facebook.com\/61564003044963\/videos\/2388275438256641 Ahora cumpliendo el formato del programa, analizamos la tercera pregunta de la consulta que se refiere a la composici\u00f3n [&hellip;]<\/p>\n","protected":false},"author":1,"featured_media":613,"comment_status":"closed","ping_status":"closed","sticky":false,"template":"","format":"standard","meta":{"footnotes":""},"categories":[3],"tags":[],"class_list":["post-611","post","type-post","status-publish","format-standard","has-post-thumbnail","hentry","category-omcealdia"],"_links":{"self":[{"href":"https:\/\/omcemedios.com\/omce\/wp-json\/wp\/v2\/posts\/611","targetHints":{"allow":["GET"]}}],"collection":[{"href":"https:\/\/omcemedios.com\/omce\/wp-json\/wp\/v2\/posts"}],"about":[{"href":"https:\/\/omcemedios.com\/omce\/wp-json\/wp\/v2\/types\/post"}],"author":[{"embeddable":true,"href":"https:\/\/omcemedios.com\/omce\/wp-json\/wp\/v2\/users\/1"}],"replies":[{"embeddable":true,"href":"https:\/\/omcemedios.com\/omce\/wp-json\/wp\/v2\/comments?post=611"}],"version-history":[{"count":1,"href":"https:\/\/omcemedios.com\/omce\/wp-json\/wp\/v2\/posts\/611\/revisions"}],"predecessor-version":[{"id":616,"href":"https:\/\/omcemedios.com\/omce\/wp-json\/wp\/v2\/posts\/611\/revisions\/616"}],"wp:featuredmedia":[{"embeddable":true,"href":"https:\/\/omcemedios.com\/omce\/wp-json\/wp\/v2\/media\/613"}],"wp:attachment":[{"href":"https:\/\/omcemedios.com\/omce\/wp-json\/wp\/v2\/media?parent=611"}],"wp:term":[{"taxonomy":"category","embeddable":true,"href":"https:\/\/omcemedios.com\/omce\/wp-json\/wp\/v2\/categories?post=611"},{"taxonomy":"post_tag","embeddable":true,"href":"https:\/\/omcemedios.com\/omce\/wp-json\/wp\/v2\/tags?post=611"}],"curies":[{"name":"wp","href":"https:\/\/api.w.org\/{rel}","templated":true}]}}