{"id":606,"date":"2025-11-07T02:48:31","date_gmt":"2025-11-07T02:48:31","guid":{"rendered":"https:\/\/omcemedios.com\/omce\/?p=606"},"modified":"2025-11-07T02:48:31","modified_gmt":"2025-11-07T02:48:31","slug":"el-mirador-politico-un-espacio-para-el-analisis-democratico-y-el-voto-informado","status":"publish","type":"post","link":"https:\/\/omcemedios.com\/omce\/2025\/11\/07\/el-mirador-politico-un-espacio-para-el-analisis-democratico-y-el-voto-informado\/","title":{"rendered":"EL MIRADOR POL\u00cdTICO: UN ESPACIO PARA EL AN\u00c1LISIS DEMOCR\u00c1TICO Y EL VOTO INFORMADO"},"content":{"rendered":"\n<p>La plataforma Intercultural OMCEmedios, junto a Radio TV En REC, Apangora TV, Qu\u00e9 Bien TV, Armon\u00eda, Sat\u00e9lite Radio y una amplia red de medios aliados, desarroll\u00f3 la serie especial El Mirador Pol\u00edtico, transmitida en vivo del 5 al 13 de noviembre, con el objetivo de ofrecer a la ciudadan\u00eda un espacio de an\u00e1lisis y reflexi\u00f3n sobre las preguntas de la Consulta Popular y Refer\u00e9ndum convocado por el Consejo Nacional Electoral (CNE).<\/p>\n\n\n\n<figure class=\"wp-block-image size-full\"><img fetchpriority=\"high\" decoding=\"async\" width=\"997\" height=\"420\" src=\"https:\/\/omcemedios.com\/omce\/wp-content\/uploads\/2025\/11\/dia-2.jpeg\" alt=\"\" class=\"wp-image-607\" srcset=\"https:\/\/omcemedios.com\/omce\/wp-content\/uploads\/2025\/11\/dia-2.jpeg 997w, https:\/\/omcemedios.com\/omce\/wp-content\/uploads\/2025\/11\/dia-2-300x126.jpeg 300w, https:\/\/omcemedios.com\/omce\/wp-content\/uploads\/2025\/11\/dia-2-768x324.jpeg 768w\" sizes=\"(max-width: 997px) 100vw, 997px\" \/><\/figure>\n\n\n\n<p>Bajo la conducci\u00f3n del periodista Marcelo Campos Encalada, El Mirador Pol\u00edtico reuni\u00f3 a 13 destacados panelistas nacionales, quienes, con solvencia t\u00e9cnica, \u00e9tica y visi\u00f3n plural debatieron de manera respetuosa y argumentada los distintos enfoques del proceso consultivo, promoviendo as\u00ed un debate claro, equilibrado y constructivo, centrado en el derecho ciudadano a decidir con conocimiento.<\/p>\n\n\n\n<p>En el segundo programa participaron el Dr. Napole\u00f3n de la Torre y el MSDC Iv\u00e1n Zambrano<\/p>\n\n\n\n<p>Mire toda la entrevista en el siguiente link<a href=\"https:\/\/www.facebook.com\/61564003044963\/videos\/1321962329140773\">https:\/\/www.facebook.com\/61564003044963\/videos\/1321962329140773<\/a><\/p>\n\n\n\n<figure class=\"wp-block-image size-full\"><img decoding=\"async\" width=\"926\" height=\"529\" src=\"https:\/\/omcemedios.com\/omce\/wp-content\/uploads\/2025\/11\/dr-napoleon-.jpeg\" alt=\"\" class=\"wp-image-608\" srcset=\"https:\/\/omcemedios.com\/omce\/wp-content\/uploads\/2025\/11\/dr-napoleon-.jpeg 926w, https:\/\/omcemedios.com\/omce\/wp-content\/uploads\/2025\/11\/dr-napoleon--300x171.jpeg 300w, https:\/\/omcemedios.com\/omce\/wp-content\/uploads\/2025\/11\/dr-napoleon--768x439.jpeg 768w\" sizes=\"(max-width: 926px) 100vw, 926px\" \/><\/figure>\n\n\n\n<p>Durante el programa se abordaron las cuatro preguntas del refer\u00e9ndum y consulta nacional:<\/p>\n\n\n\n<p>La posible autorizaci\u00f3n de bases militares extranjeras en territorio ecuatoriano.<\/p>\n\n\n\n<p>La eliminaci\u00f3n del financiamiento estatal a las organizaciones pol\u00edticas.<\/p>\n\n\n\n<p>La reducci\u00f3n del n\u00famero de asamble\u00edstas y el nuevo sistema de representaci\u00f3n.<\/p>\n\n\n\n<p>La convocatoria a una Asamblea Constituyente.<\/p>\n\n\n\n<p>Cada entrega permiti\u00f3 exponer las razones del \u201cS\u00ed\u201d y del \u201cNo\u201d, en un ambiente de respeto, an\u00e1lisis sereno y pluralidad. El prop\u00f3sito fue garantizar que la audiencia reciba informaci\u00f3n veraz, contrastada y pedag\u00f3gica, contribuyendo as\u00ed a un voto libre, consciente e informado.<\/p>\n\n\n\n<p>El espacio tambi\u00e9n permiti\u00f3 destacar la relevancia del proceso democr\u00e1tico del 16 de noviembre, recordando que la decisi\u00f3n est\u00e1 en manos de la ciudadan\u00eda y que cada voto representa una expresi\u00f3n de confianza en el futuro del pa\u00eds.<\/p>\n\n\n\n<figure class=\"wp-block-image size-full\"><img decoding=\"async\" width=\"989\" height=\"577\" src=\"https:\/\/omcemedios.com\/omce\/wp-content\/uploads\/2025\/11\/msc-2-22.jpeg\" alt=\"\" class=\"wp-image-609\" srcset=\"https:\/\/omcemedios.com\/omce\/wp-content\/uploads\/2025\/11\/msc-2-22.jpeg 989w, https:\/\/omcemedios.com\/omce\/wp-content\/uploads\/2025\/11\/msc-2-22-300x175.jpeg 300w, https:\/\/omcemedios.com\/omce\/wp-content\/uploads\/2025\/11\/msc-2-22-768x448.jpeg 768w\" sizes=\"(max-width: 989px) 100vw, 989px\" \/><\/figure>\n\n\n\n<p>En nombre de la plataforma OMCEmedios y sus medios aliados, se agradece profundamente a los panelistas, t\u00e9cnicos, comunicadores y al p\u00fablico televidente por su acompa\u00f1amiento y participaci\u00f3n activa en esta iniciativa de comunicaci\u00f3n p\u00fablica y ciudadana.<\/p>\n\n\n\n<p>Con El Mirador Pol\u00edtico, el compromiso se mantiene firme: servir a la democracia con informaci\u00f3n, di\u00e1logo y pensamiento cr\u00edtico, porque solo una ciudadan\u00eda bien informada puede decidir con libertad y responsabilidad.<\/p>\n\n\n\n<p>El pr\u00f3ximo 16 de noviembre, que brille la democracia en cada voto.<\/p>\n","protected":false},"excerpt":{"rendered":"<p>La plataforma Intercultural OMCEmedios, junto a Radio TV En REC, Apangora TV, Qu\u00e9 Bien TV, Armon\u00eda, Sat\u00e9lite Radio y una amplia red de medios aliados, desarroll\u00f3 la serie especial El Mirador Pol\u00edtico, transmitida en vivo del 5 al 13 de noviembre, con el objetivo de ofrecer a la ciudadan\u00eda un espacio de an\u00e1lisis y reflexi\u00f3n [&hellip;]<\/p>\n","protected":false},"author":1,"featured_media":607,"comment_status":"closed","ping_status":"closed","sticky":false,"template":"","format":"standard","meta":{"footnotes":""},"categories":[3],"tags":[],"class_list":["post-606","post","type-post","status-publish","format-standard","has-post-thumbnail","hentry","category-omcealdia"],"_links":{"self":[{"href":"https:\/\/omcemedios.com\/omce\/wp-json\/wp\/v2\/posts\/606","targetHints":{"allow":["GET"]}}],"collection":[{"href":"https:\/\/omcemedios.com\/omce\/wp-json\/wp\/v2\/posts"}],"about":[{"href":"https:\/\/omcemedios.com\/omce\/wp-json\/wp\/v2\/types\/post"}],"author":[{"embeddable":true,"href":"https:\/\/omcemedios.com\/omce\/wp-json\/wp\/v2\/users\/1"}],"replies":[{"embeddable":true,"href":"https:\/\/omcemedios.com\/omce\/wp-json\/wp\/v2\/comments?post=606"}],"version-history":[{"count":1,"href":"https:\/\/omcemedios.com\/omce\/wp-json\/wp\/v2\/posts\/606\/revisions"}],"predecessor-version":[{"id":610,"href":"https:\/\/omcemedios.com\/omce\/wp-json\/wp\/v2\/posts\/606\/revisions\/610"}],"wp:featuredmedia":[{"embeddable":true,"href":"https:\/\/omcemedios.com\/omce\/wp-json\/wp\/v2\/media\/607"}],"wp:attachment":[{"href":"https:\/\/omcemedios.com\/omce\/wp-json\/wp\/v2\/media?parent=606"}],"wp:term":[{"taxonomy":"category","embeddable":true,"href":"https:\/\/omcemedios.com\/omce\/wp-json\/wp\/v2\/categories?post=606"},{"taxonomy":"post_tag","embeddable":true,"href":"https:\/\/omcemedios.com\/omce\/wp-json\/wp\/v2\/tags?post=606"}],"curies":[{"name":"wp","href":"https:\/\/api.w.org\/{rel}","templated":true}]}}