{"id":599,"date":"2025-11-06T16:09:19","date_gmt":"2025-11-06T16:09:19","guid":{"rendered":"https:\/\/omcemedios.com\/omce\/?p=599"},"modified":"2025-11-06T16:09:20","modified_gmt":"2025-11-06T16:09:20","slug":"mc-comunicaciones-recibe-doble-reconocimiento-por-liderazgo-femenino-y-estrategia-reputacional","status":"publish","type":"post","link":"https:\/\/omcemedios.com\/omce\/2025\/11\/06\/mc-comunicaciones-recibe-doble-reconocimiento-por-liderazgo-femenino-y-estrategia-reputacional\/","title":{"rendered":"MC COMUNICACIONES RECIBE DOBLE RECONOCIMIENTO POR LIDERAZGO FEMENINO Y ESTRATEGIA REPUTACIONAL"},"content":{"rendered":"\n<p><\/p>\n\n\n\n<figure class=\"wp-block-image size-large\"><img fetchpriority=\"high\" decoding=\"async\" width=\"1024\" height=\"768\" src=\"https:\/\/omcemedios.com\/omce\/wp-content\/uploads\/2025\/11\/MC-COMUCMIBACIONES-1024x768.jpeg\" alt=\"\" class=\"wp-image-600\" srcset=\"https:\/\/omcemedios.com\/omce\/wp-content\/uploads\/2025\/11\/MC-COMUCMIBACIONES-1024x768.jpeg 1024w, https:\/\/omcemedios.com\/omce\/wp-content\/uploads\/2025\/11\/MC-COMUCMIBACIONES-300x225.jpeg 300w, https:\/\/omcemedios.com\/omce\/wp-content\/uploads\/2025\/11\/MC-COMUCMIBACIONES-768x576.jpeg 768w, https:\/\/omcemedios.com\/omce\/wp-content\/uploads\/2025\/11\/MC-COMUCMIBACIONES.jpeg 1280w\" sizes=\"(max-width: 1024px) 100vw, 1024px\" \/><\/figure>\n\n\n\n<p>pie defoto Izq a dere<strong>cha:<\/strong> Erick Aguilar, VP Negocios Estrat\u00e9gicos MC Group; Analy Aguirre, Directora de MC Comunicaciones.<\/p>\n\n\n\n<p><strong>Infromaci\u00f3n oficla da cuenta que en l<\/strong>a En la edici\u00f3n 2025 de \u201c<em>Hablemos de Cambio<\/em>\u201d, un espacio que reconoci\u00f3 a las empresas ecuatorianas por sus estrategias alineadas a los <em>Objetivos de Desarrollo Sostenible (ODS)<\/em>, y tras un an\u00e1lisis t\u00e9cnico realizado por Ypsilom; MC Comunicaciones se convirti\u00f3 en la \u00fanica agencia de comunicaci\u00f3n en recibir dos galardones por sus iniciativas con impacto social. Este logro reafirma que la comunicaci\u00f3n es una herramienta poderosa para generar desarrollo sostenible en las organizaciones.<\/p>\n\n\n\n<p>El programa \u201cEscuelas de Liderazgo, Mujeres Amaz\u00f3nicas\u201d obtuvo el segundo lugar en el ODS 5 (Igualdad de g\u00e9nero) por su labor en fortalecer las habilidades y el liderazgo de mujeres en situaci\u00f3n de vulnerabilidad en la Amazon\u00eda ecuatoriana, fomentando su autonom\u00eda y <a>participaci\u00f3n activa<\/a> en sus comunidades. Por otro lado, el evento \u201cReputation Day\u201d fue reconocido con el tercer lugar en el ODS 17 (Alianzas para lograr los objetivos) por posicionar la reputaci\u00f3n corporativa como un eje estrat\u00e9gico dentro de las organizaciones, promoviendo el di\u00e1logo, la cooperaci\u00f3n y la construcci\u00f3n de confianza entre actores p\u00fablicos y privados. Ambos proyectos reflejan la visi\u00f3n de una comunicaci\u00f3n que trasciende lo corporativo para convertirse en un motor de transformaci\u00f3n y desarrollo sostenible.<\/p>\n\n\n\n<p>Felicitaciones y adelante <\/p>\n","protected":false},"excerpt":{"rendered":"<p>pie defoto Izq a derecha: Erick Aguilar, VP Negocios Estrat\u00e9gicos MC Group; Analy Aguirre, Directora de MC Comunicaciones. Infromaci\u00f3n oficla da cuenta que en la En la edici\u00f3n 2025 de \u201cHablemos de Cambio\u201d, un espacio que reconoci\u00f3 a las empresas ecuatorianas por sus estrategias alineadas a los Objetivos de Desarrollo Sostenible (ODS), y tras un [&hellip;]<\/p>\n","protected":false},"author":1,"featured_media":600,"comment_status":"closed","ping_status":"closed","sticky":false,"template":"","format":"standard","meta":{"footnotes":""},"categories":[3],"tags":[],"class_list":["post-599","post","type-post","status-publish","format-standard","has-post-thumbnail","hentry","category-omcealdia"],"_links":{"self":[{"href":"https:\/\/omcemedios.com\/omce\/wp-json\/wp\/v2\/posts\/599","targetHints":{"allow":["GET"]}}],"collection":[{"href":"https:\/\/omcemedios.com\/omce\/wp-json\/wp\/v2\/posts"}],"about":[{"href":"https:\/\/omcemedios.com\/omce\/wp-json\/wp\/v2\/types\/post"}],"author":[{"embeddable":true,"href":"https:\/\/omcemedios.com\/omce\/wp-json\/wp\/v2\/users\/1"}],"replies":[{"embeddable":true,"href":"https:\/\/omcemedios.com\/omce\/wp-json\/wp\/v2\/comments?post=599"}],"version-history":[{"count":1,"href":"https:\/\/omcemedios.com\/omce\/wp-json\/wp\/v2\/posts\/599\/revisions"}],"predecessor-version":[{"id":601,"href":"https:\/\/omcemedios.com\/omce\/wp-json\/wp\/v2\/posts\/599\/revisions\/601"}],"wp:featuredmedia":[{"embeddable":true,"href":"https:\/\/omcemedios.com\/omce\/wp-json\/wp\/v2\/media\/600"}],"wp:attachment":[{"href":"https:\/\/omcemedios.com\/omce\/wp-json\/wp\/v2\/media?parent=599"}],"wp:term":[{"taxonomy":"category","embeddable":true,"href":"https:\/\/omcemedios.com\/omce\/wp-json\/wp\/v2\/categories?post=599"},{"taxonomy":"post_tag","embeddable":true,"href":"https:\/\/omcemedios.com\/omce\/wp-json\/wp\/v2\/tags?post=599"}],"curies":[{"name":"wp","href":"https:\/\/api.w.org\/{rel}","templated":true}]}}