{"id":591,"date":"2025-11-06T15:53:27","date_gmt":"2025-11-06T15:53:27","guid":{"rendered":"https:\/\/omcemedios.com\/omce\/?p=591"},"modified":"2025-11-06T15:54:04","modified_gmt":"2025-11-06T15:54:04","slug":"se-impulsa-movilidad-electrica-sostenible","status":"publish","type":"post","link":"https:\/\/omcemedios.com\/omce\/2025\/11\/06\/se-impulsa-movilidad-electrica-sostenible\/","title":{"rendered":"SE IMPULSA MOVILIDAD EL\u00c9CTRICA SOSTENIBLE"},"content":{"rendered":"\n<p><\/p>\n\n\n\n<p>Seg\u00fan informaci\u00f3n oficial ,la Corporaci\u00f3n Financiera Nacional B.P. y el Banco Interamericano de Desarrollo BID suscribieron el contrato de la primera operaci\u00f3n destinada al transporte el\u00e9ctrico en Ecuador, por un monto de USD 25 millones. La iniciativa promueve una movilidad moderna y eficiente en beneficio del desarrollo productivo y el ambiente.<\/p>\n\n\n\n<p>El \u201cPrograma de Financiamiento de Transporte Sostenible\u201d fue suscrito en las oficinas del organismo internacional en Quito, en un acto que cont\u00f3 con la participaci\u00f3n de \u00cdgnez Trist\u00e3o, representante del BID en el pa\u00eds, y Maricela Benites, gerente general (E) de la CFN. Este instrumento de financiamiento permitir\u00e1 abrir nuevas oportunidades para la movilidad el\u00e9ctrica, impulsar la renovaci\u00f3n del parque automotor y reducir las emisiones contaminantes, alineando al Ecuador con est\u00e1ndares globales de responsabilidad ambiental.<\/p>\n\n\n\n<figure class=\"wp-block-image size-large\"><img fetchpriority=\"high\" decoding=\"async\" width=\"1024\" height=\"683\" src=\"https:\/\/omcemedios.com\/omce\/wp-content\/uploads\/2025\/11\/cfn-personal-1024x683.jpeg\" alt=\"\" class=\"wp-image-592\" srcset=\"https:\/\/omcemedios.com\/omce\/wp-content\/uploads\/2025\/11\/cfn-personal-1024x683.jpeg 1024w, https:\/\/omcemedios.com\/omce\/wp-content\/uploads\/2025\/11\/cfn-personal-300x200.jpeg 300w, https:\/\/omcemedios.com\/omce\/wp-content\/uploads\/2025\/11\/cfn-personal-768x512.jpeg 768w, https:\/\/omcemedios.com\/omce\/wp-content\/uploads\/2025\/11\/cfn-personal.jpeg 1301w\" sizes=\"(max-width: 1024px) 100vw, 1024px\" \/><\/figure>\n\n\n\n<p>Al operar como banca de segundo piso, la Corporaci\u00f3n Financiera Nacional canalizar\u00e1 los recursos a trav\u00e9s de entidades financieras intermediarias, ampliando el acceso al cr\u00e9dito productivo para empresas y personas. Este enfoque multiplica el impacto de la inversi\u00f3n y facilita que m\u00e1s ciudadanos accedan a tecnolog\u00edas limpias, generando dinamismo econ\u00f3mico y empleo.<\/p>\n\n\n\n<p>\u201cLa transici\u00f3n hacia un sistema de transporte m\u00e1s limpio y competitivo es urgente. Este acuerdo marca un paso decisivo hacia ese objetivo\u201d, afirm\u00f3 Benites en su intervenci\u00f3n.<\/p>\n\n\n\n<p>Este convenio marca un hito para el desarrollo de una movilidad sostenible en el Ecuador, al fortalecer la cooperaci\u00f3n internacional que permitir\u00e1 movilizar recursos orientados a impulsar la electromovilidad, la innovaci\u00f3n y un progreso ambientalmente responsable en el pa\u00eds.<\/p>\n\n\n\n<figure class=\"wp-block-image size-large\"><img decoding=\"async\" width=\"1024\" height=\"682\" src=\"https:\/\/omcemedios.com\/omce\/wp-content\/uploads\/2025\/11\/cfn-imagen-1024x682.jpeg\" alt=\"\" class=\"wp-image-593\" srcset=\"https:\/\/omcemedios.com\/omce\/wp-content\/uploads\/2025\/11\/cfn-imagen-1024x682.jpeg 1024w, https:\/\/omcemedios.com\/omce\/wp-content\/uploads\/2025\/11\/cfn-imagen-300x200.jpeg 300w, https:\/\/omcemedios.com\/omce\/wp-content\/uploads\/2025\/11\/cfn-imagen-768x512.jpeg 768w, https:\/\/omcemedios.com\/omce\/wp-content\/uploads\/2025\/11\/cfn-imagen.jpeg 1283w\" sizes=\"(max-width: 1024px) 100vw, 1024px\" \/><\/figure>\n","protected":false},"excerpt":{"rendered":"<p>Seg\u00fan informaci\u00f3n oficial ,la Corporaci\u00f3n Financiera Nacional B.P. y el Banco Interamericano de Desarrollo BID suscribieron el contrato de la primera operaci\u00f3n destinada al transporte el\u00e9ctrico en Ecuador, por un monto de USD 25 millones. La iniciativa promueve una movilidad moderna y eficiente en beneficio del desarrollo productivo y el ambiente. El \u201cPrograma de Financiamiento [&hellip;]<\/p>\n","protected":false},"author":1,"featured_media":592,"comment_status":"closed","ping_status":"closed","sticky":false,"template":"","format":"standard","meta":{"footnotes":""},"categories":[3],"tags":[],"class_list":["post-591","post","type-post","status-publish","format-standard","has-post-thumbnail","hentry","category-omcealdia"],"_links":{"self":[{"href":"https:\/\/omcemedios.com\/omce\/wp-json\/wp\/v2\/posts\/591","targetHints":{"allow":["GET"]}}],"collection":[{"href":"https:\/\/omcemedios.com\/omce\/wp-json\/wp\/v2\/posts"}],"about":[{"href":"https:\/\/omcemedios.com\/omce\/wp-json\/wp\/v2\/types\/post"}],"author":[{"embeddable":true,"href":"https:\/\/omcemedios.com\/omce\/wp-json\/wp\/v2\/users\/1"}],"replies":[{"embeddable":true,"href":"https:\/\/omcemedios.com\/omce\/wp-json\/wp\/v2\/comments?post=591"}],"version-history":[{"count":1,"href":"https:\/\/omcemedios.com\/omce\/wp-json\/wp\/v2\/posts\/591\/revisions"}],"predecessor-version":[{"id":594,"href":"https:\/\/omcemedios.com\/omce\/wp-json\/wp\/v2\/posts\/591\/revisions\/594"}],"wp:featuredmedia":[{"embeddable":true,"href":"https:\/\/omcemedios.com\/omce\/wp-json\/wp\/v2\/media\/592"}],"wp:attachment":[{"href":"https:\/\/omcemedios.com\/omce\/wp-json\/wp\/v2\/media?parent=591"}],"wp:term":[{"taxonomy":"category","embeddable":true,"href":"https:\/\/omcemedios.com\/omce\/wp-json\/wp\/v2\/categories?post=591"},{"taxonomy":"post_tag","embeddable":true,"href":"https:\/\/omcemedios.com\/omce\/wp-json\/wp\/v2\/tags?post=591"}],"curies":[{"name":"wp","href":"https:\/\/api.w.org\/{rel}","templated":true}]}}