{"id":574,"date":"2025-11-05T23:00:12","date_gmt":"2025-11-05T23:00:12","guid":{"rendered":"https:\/\/omcemedios.com\/omce\/?p=574"},"modified":"2025-11-05T23:00:14","modified_gmt":"2025-11-05T23:00:14","slug":"muisne-brilla-en-el-gabinete-sectorial-y-recibe-reconocimiento-nacional","status":"publish","type":"post","link":"https:\/\/omcemedios.com\/omce\/2025\/11\/05\/muisne-brilla-en-el-gabinete-sectorial-y-recibe-reconocimiento-nacional\/","title":{"rendered":"MUISNE BRILLA EN EL GABINETE SECTORIAL Y RECIBE RECONOCIMIENTO NACIONAL"},"content":{"rendered":"\n<p><\/p>\n\n\n\n<p>Seg\u00fan informaci\u00f3n oficial ,el cant\u00f3n Muisne fue la sede del Gabinete Sectorial de Infraestructura y Transporte, organizado por el Gobierno Nacional y en el que la presidenta de la Asociaci\u00f3n de Municipalidades Ecuatorianas (AME) y alcaldesa de Muisne, Yuri Colorado, como anfitriona del cant\u00f3n, recibi\u00f3 a las autoridades nacionales y provinciales.<\/p>\n\n\n\n<p>El evento cont\u00f3 con la presencia del ministro de Infraestructura y Transporte, Roberto Luque; el viceministro de Desarrollo Urbano y Vivienda, Daniel Elmir; la prefecta de Esmeraldas, Roberta Zambrano; el gobernador Juan Jaramillo; moradores de barrios y parroquias de Muisne.<\/p>\n\n\n\n<figure class=\"wp-block-image size-full\"><img fetchpriority=\"high\" decoding=\"async\" width=\"870\" height=\"580\" src=\"https:\/\/omcemedios.com\/omce\/wp-content\/uploads\/2025\/11\/WhatsApp-Image-2025-11-05-at-17.39.58-1.jpeg\" alt=\"\" class=\"wp-image-575\" srcset=\"https:\/\/omcemedios.com\/omce\/wp-content\/uploads\/2025\/11\/WhatsApp-Image-2025-11-05-at-17.39.58-1.jpeg 870w, https:\/\/omcemedios.com\/omce\/wp-content\/uploads\/2025\/11\/WhatsApp-Image-2025-11-05-at-17.39.58-1-300x200.jpeg 300w, https:\/\/omcemedios.com\/omce\/wp-content\/uploads\/2025\/11\/WhatsApp-Image-2025-11-05-at-17.39.58-1-768x512.jpeg 768w\" sizes=\"(max-width: 870px) 100vw, 870px\" \/><\/figure>\n\n\n\n<p>Como parte de este evento sectorial, el Gobierno Nacional, a trav\u00e9s del Ministerio de Infraestructura y Transporte (MIT), entreg\u00f3 208 t\u00edtulos de propiedad a familias de esta localidad y reconoci\u00f3 a este territorio con el Premio Nacional al Mejoramiento Sostenible del H\u00e1bitat en Barrios Seleccionados, dentro del Programa de Mejoramiento Integral de Barrios (MIB).<\/p>\n\n\n\n<p>Durante la ceremonia, el ministro Roberto Luque destac\u00f3 el compromiso del Gobierno Nacional con la seguridad jur\u00eddica y el desarrollo urbano del pa\u00eds. \u201cEntregamos m\u00e1s que documentos; estamos concediendo estabilidad y dignidad. Estos t\u00edtulos de propiedad devuelven esperanza a las familias ecuatorianas y fortalecen su derecho a construir un futuro seguro y pr\u00f3spero. Con el Programa de Mejoramiento Integral de Barrios, transformamos realidades y creando ciudades m\u00e1s humanas y sostenibles\u201d, dijo el Ministro.<\/p>\n\n\n\n<p><strong>Gesti\u00f3n articulada por el desarrollo<\/strong><\/p>\n\n\n\n<p>Por su parte, la alcaldesa Yuri Colorado M\u00e1rquez, en su doble calidad de l\u00edder municipal y presidenta nacional de la AME, subray\u00f3 la importancia de trabajar articuladamente entre el Gobierno Nacional, los gobiernos locales y las comunidades. \u201cHoy celebramos un logro colectivo. Muisne es ejemplo de que cuando los municipios, el Gobierno Nacional y la ciudadan\u00eda caminan juntos, los resultados se ven. Desde la AME apoyaremos a los 222 municipios del pa\u00eds en su tarea de brindar bienestar, vivienda digna y servicios de calidad a la ciudadan\u00eda\u201d.<\/p>\n\n\n\n<p>El Ministro Luque, tambi\u00e9n, dijo que \u201cla coordinaci\u00f3n con la AME es muy importante, porque con ellos podemos gestionar y coordinar, para que los municipios puedan trabajar en la planificaci\u00f3n y que el Gobierno Central ponga en marcha los proyectos que tiene con multilaterales para dotar de servicios b\u00e1sicos a la ciudadan\u00eda\u201d.<\/p>\n\n\n\n<figure class=\"wp-block-image size-full\"><img decoding=\"async\" width=\"870\" height=\"580\" src=\"https:\/\/omcemedios.com\/omce\/wp-content\/uploads\/2025\/11\/WhatsApp-Image-2025-11-05-at-17.39.59-1.jpeg\" alt=\"\" class=\"wp-image-576\" srcset=\"https:\/\/omcemedios.com\/omce\/wp-content\/uploads\/2025\/11\/WhatsApp-Image-2025-11-05-at-17.39.59-1.jpeg 870w, https:\/\/omcemedios.com\/omce\/wp-content\/uploads\/2025\/11\/WhatsApp-Image-2025-11-05-at-17.39.59-1-300x200.jpeg 300w, https:\/\/omcemedios.com\/omce\/wp-content\/uploads\/2025\/11\/WhatsApp-Image-2025-11-05-at-17.39.59-1-768x512.jpeg 768w\" sizes=\"(max-width: 870px) 100vw, 870px\" \/><\/figure>\n\n\n\n<p>La  gesti\u00f3n de la alcaldesa Yuri Colorado para desarrollar el proyecto \u201cRehabilitaci\u00f3n del parque infantil, malec\u00f3n y comedores del Barrio Central\u201d, fue reconocida a escala nacional por su planificaci\u00f3n, participaci\u00f3n ciudadana y sostenibilidad. Esta iniciativa transforma los espacios p\u00fablicos en \u00e1reas seguras y funcionales, aportando a la recuperaci\u00f3n urbana y al fortalecimiento del tejido social. El Gobierno destinar\u00e1 dos millones de d\u00f3lares, no reembolsables, para este proyecto.<\/p>\n\n\n\n<p>\u201cSin la voluntad pol\u00edtica del Gobierno Nacional y de un Presidente humano ser\u00eda imposible que estas obras lleguen a territorio. Ratifico mi compromiso de trabajar por Muisne; y ahora con esta gran responsabilidad que gracias a los alcaldes y alcaldesas del pa\u00eds me han permitido ser la primera mujer en ganar una elecci\u00f3n de manera contundente para la presidencia de la AME Nacional. Hemos hecho una mesa de trabajo para que el progreso, bienestar y desarrollo llegue a los 222 municipios del pa\u00eds\u201d, dijo Colorado.<\/p>\n\n\n\n<p>Mientras que, Cledis Seldis Caicedo Porozo, muisne\u00f1a de la Ciudadela Nuevo Renacer, comparti\u00f3 su testimonio tras recibir su t\u00edtulo de propiedad.&nbsp; \u201cEste documento nos da paz. Ahora sabemos que el lugar donde vivimos es realmente nuestro, y podemos so\u00f1ar con mejorar nuestra casa y nuestro barrio\u201d.<\/p>\n\n\n\n<p>La jornada cerr\u00f3 con un mensaje de uni\u00f3n y progreso, recordando que la transformaci\u00f3n de los territorios empieza desde lo local.<\/p>\n\n\n\n<figure class=\"wp-block-image size-full\"><img decoding=\"async\" width=\"870\" height=\"580\" src=\"https:\/\/omcemedios.com\/omce\/wp-content\/uploads\/2025\/11\/WhatsApp-Image-2025-11-05-at-17.39.58-1-1.jpeg\" alt=\"\" class=\"wp-image-577\" srcset=\"https:\/\/omcemedios.com\/omce\/wp-content\/uploads\/2025\/11\/WhatsApp-Image-2025-11-05-at-17.39.58-1-1.jpeg 870w, https:\/\/omcemedios.com\/omce\/wp-content\/uploads\/2025\/11\/WhatsApp-Image-2025-11-05-at-17.39.58-1-1-300x200.jpeg 300w, https:\/\/omcemedios.com\/omce\/wp-content\/uploads\/2025\/11\/WhatsApp-Image-2025-11-05-at-17.39.58-1-1-768x512.jpeg 768w\" sizes=\"(max-width: 870px) 100vw, 870px\" \/><\/figure>\n\n\n\n<p>Con estas acciones, el Gobierno Nacional, presidido por Daniel Noboa Az\u00edn, y la AME, dirigida por Yuri Colorado, fortalecen su compromiso de construir un Nuevo Ecuador, donde la planificaci\u00f3n, la equidad y la colaboraci\u00f3n entre niveles de gobierno se traduzcan en bienestar para todas las familias.<\/p>\n\n\n\n<figure class=\"wp-block-image size-large\"><img loading=\"lazy\" decoding=\"async\" width=\"1024\" height=\"682\" src=\"https:\/\/omcemedios.com\/omce\/wp-content\/uploads\/2025\/11\/WhatsApp-Image-2025-11-05-at-17.39.59-1024x682.jpeg\" alt=\"\" class=\"wp-image-578\" srcset=\"https:\/\/omcemedios.com\/omce\/wp-content\/uploads\/2025\/11\/WhatsApp-Image-2025-11-05-at-17.39.59-1024x682.jpeg 1024w, https:\/\/omcemedios.com\/omce\/wp-content\/uploads\/2025\/11\/WhatsApp-Image-2025-11-05-at-17.39.59-300x200.jpeg 300w, https:\/\/omcemedios.com\/omce\/wp-content\/uploads\/2025\/11\/WhatsApp-Image-2025-11-05-at-17.39.59-768x511.jpeg 768w, https:\/\/omcemedios.com\/omce\/wp-content\/uploads\/2025\/11\/WhatsApp-Image-2025-11-05-at-17.39.59-1536x1022.jpeg 1536w, https:\/\/omcemedios.com\/omce\/wp-content\/uploads\/2025\/11\/WhatsApp-Image-2025-11-05-at-17.39.59.jpeg 1600w\" sizes=\"(max-width: 1024px) 100vw, 1024px\" \/><\/figure>\n","protected":false},"excerpt":{"rendered":"<p>Seg\u00fan informaci\u00f3n oficial ,el cant\u00f3n Muisne fue la sede del Gabinete Sectorial de Infraestructura y Transporte, organizado por el Gobierno Nacional y en el que la presidenta de la Asociaci\u00f3n de Municipalidades Ecuatorianas (AME) y alcaldesa de Muisne, Yuri Colorado, como anfitriona del cant\u00f3n, recibi\u00f3 a las autoridades nacionales y provinciales. El evento cont\u00f3 con [&hellip;]<\/p>\n","protected":false},"author":1,"featured_media":578,"comment_status":"closed","ping_status":"closed","sticky":false,"template":"","format":"standard","meta":{"footnotes":""},"categories":[3],"tags":[],"class_list":["post-574","post","type-post","status-publish","format-standard","has-post-thumbnail","hentry","category-omcealdia"],"_links":{"self":[{"href":"https:\/\/omcemedios.com\/omce\/wp-json\/wp\/v2\/posts\/574","targetHints":{"allow":["GET"]}}],"collection":[{"href":"https:\/\/omcemedios.com\/omce\/wp-json\/wp\/v2\/posts"}],"about":[{"href":"https:\/\/omcemedios.com\/omce\/wp-json\/wp\/v2\/types\/post"}],"author":[{"embeddable":true,"href":"https:\/\/omcemedios.com\/omce\/wp-json\/wp\/v2\/users\/1"}],"replies":[{"embeddable":true,"href":"https:\/\/omcemedios.com\/omce\/wp-json\/wp\/v2\/comments?post=574"}],"version-history":[{"count":1,"href":"https:\/\/omcemedios.com\/omce\/wp-json\/wp\/v2\/posts\/574\/revisions"}],"predecessor-version":[{"id":579,"href":"https:\/\/omcemedios.com\/omce\/wp-json\/wp\/v2\/posts\/574\/revisions\/579"}],"wp:featuredmedia":[{"embeddable":true,"href":"https:\/\/omcemedios.com\/omce\/wp-json\/wp\/v2\/media\/578"}],"wp:attachment":[{"href":"https:\/\/omcemedios.com\/omce\/wp-json\/wp\/v2\/media?parent=574"}],"wp:term":[{"taxonomy":"category","embeddable":true,"href":"https:\/\/omcemedios.com\/omce\/wp-json\/wp\/v2\/categories?post=574"},{"taxonomy":"post_tag","embeddable":true,"href":"https:\/\/omcemedios.com\/omce\/wp-json\/wp\/v2\/tags?post=574"}],"curies":[{"name":"wp","href":"https:\/\/api.w.org\/{rel}","templated":true}]}}