{"id":486,"date":"2025-10-22T15:51:03","date_gmt":"2025-10-22T15:51:03","guid":{"rendered":"https:\/\/omcemedios.com\/omce\/?p=486"},"modified":"2025-10-22T15:51:06","modified_gmt":"2025-10-22T15:51:06","slug":"todos-somos-ecuador","status":"publish","type":"post","link":"https:\/\/omcemedios.com\/omce\/2025\/10\/22\/todos-somos-ecuador\/","title":{"rendered":"TODOS SOMOS ECUADOR"},"content":{"rendered":"\n<p>Hoy los otavale\u00f1os e imbabure\u00f1os, vimos en nuestro cielo azul, \ud835\ude36\ud835\ude2f \ud835\ude2e\ud835\ude26\ud835\ude2f\ud835\ude34\ud835\ude22\ud835\ude2b\ud835\ude26 \ud835\ude22 \ud835\ude2d\ud835\ude22 \ud835\ude26\ud835\ude34\ud835\ude26\ud835\ude2f\ud835\ude24\ud835\ude2a\ud835\ude22 \ud835\ude2e\ud835\ude2a\ud835\ude34\ud835\ude2e\ud835\ude22 \ud835\ude25\ud835\ude26 \ud835\ude2f\ud835\ude36\ud835\ude26\ud835\ude34\ud835\ude35\ud835\ude33\ud835\ude22 \ud835\ude2f\ud835\ude22\ud835\ude24\ud835\ude2a\ud835\ude30\u0301\ud835\ude2f.&nbsp;<\/p>\n\n\n\n<p>M\ud835\ude22\u0301\ud835\ude34 \ud835\ude22\ud835\ude2d\ud835\ude2d\ud835\ude22\u0301 \ud835\ude25\ud835\ude26 \ud835\ude2d\ud835\ude22\ud835\ude34 \ud835\ude25\ud835\ude2a\ud835\ude27\ud835\ude26\ud835\ude33\ud835\ude26\ud835\ude2f\ud835\ude24\ud835\ude2a\ud835\ude22\ud835\ude34, que la continuidad de la convivencia pac\u00edfica en Otavalo, sea nuestra prioridad ,nos una e identifique.\u00a0 Un pa\u00eds precisa reencontrarse con su esencia, necesita l\u00edderes honestos, ciudadanos valientes y un pueblo unido por el respeto mutuo. La violencia y las amenazas solo destruyen lo que generaciones enteras construyeron con esfuerzo.<\/p>\n\n\n\n<figure class=\"wp-block-image size-large\"><img fetchpriority=\"high\" decoding=\"async\" width=\"768\" height=\"1024\" src=\"https:\/\/omcemedios.com\/omce\/wp-content\/uploads\/2025\/10\/bamdera-nhelicoptero-_n-768x1024.jpg\" alt=\"\" class=\"wp-image-487\" srcset=\"https:\/\/omcemedios.com\/omce\/wp-content\/uploads\/2025\/10\/bamdera-nhelicoptero-_n-768x1024.jpg 768w, https:\/\/omcemedios.com\/omce\/wp-content\/uploads\/2025\/10\/bamdera-nhelicoptero-_n-225x300.jpg 225w, https:\/\/omcemedios.com\/omce\/wp-content\/uploads\/2025\/10\/bamdera-nhelicoptero-_n-1152x1536.jpg 1152w, https:\/\/omcemedios.com\/omce\/wp-content\/uploads\/2025\/10\/bamdera-nhelicoptero-_n.jpg 1200w\" sizes=\"(max-width: 768px) 100vw, 768px\" \/><\/figure>\n\n\n\n<p>El futuro de Otavalo no puede edificarse sobre las ruinas del odio, sino sobre los cimientos del entendimiento, la verdad y la paz.<\/p>\n\n\n\n<p>Hoy, m\u00e1s que nunca, es necesario este llamado a la reflexi\u00f3n y a la convivencia pac\u00edfica. Que las diferencias se expresen con respeto; que las voces con legalidad se escuchen sin temor.<\/p>\n\n\n\n<figure class=\"wp-block-image size-large\"><img decoding=\"async\" width=\"1024\" height=\"767\" src=\"https:\/\/omcemedios.com\/omce\/wp-content\/uploads\/2025\/10\/View-of-Otavalo-1024x767.webp\" alt=\"\" class=\"wp-image-488\" srcset=\"https:\/\/omcemedios.com\/omce\/wp-content\/uploads\/2025\/10\/View-of-Otavalo-1024x767.webp 1024w, https:\/\/omcemedios.com\/omce\/wp-content\/uploads\/2025\/10\/View-of-Otavalo-300x225.webp 300w, https:\/\/omcemedios.com\/omce\/wp-content\/uploads\/2025\/10\/View-of-Otavalo-768x575.webp 768w, https:\/\/omcemedios.com\/omce\/wp-content\/uploads\/2025\/10\/View-of-Otavalo.webp 1500w\" sizes=\"(max-width: 1024px) 100vw, 1024px\" \/><\/figure>\n\n\n\n<p>Que regrese \ud835\ude2f\ud835\ude36\ud835\ude26\ud835\ude34\ud835\ude35\ud835\ude33\ud835\ude30 \ud835\ude22\ud835\ude24\ud835\ude35\ud835\ude36\ud835\ude22\ud835\ude33 \ud835\ude25\ud835\ude2a\ud835\ude22\ud835\ude33\ud835\ude2a\ud835\ude30, \ud835\ude26\ud835\ude2f \ud835\ude26\ud835\ude2d \ud835\ude33\ud835\ude26\ud835\ude34\ud835\ude31\ud835\ude26\ud835\ude35\ud835\ude30, \ud835\ude26\ud835\ude2f \ud835\ude2d\ud835\ude22 amabilidad, en la \ud835\ude36\ud835\ude2f\ud835\ude2a\ud835\ude25\ud835\ude22\ud835\ude25 \ud835\ude26\ud835\ude2f \ud835\ude2d\ud835\ude22 \ud835\ude25\ud835\ude2a\ud835\ude37\ud835\ude26\ud835\ude33\ud835\ude34\ud835\ude2a\ud835\ude25\ud835\ude22\ud835\ude25, \ud835\ude3a \ud835\ude26\ud835\ude2f \ud835\ude2d\ud835\ude22 \ud835\ude33\ud835\ude2a\ud835\ude32\ud835\ude36\ud835\ude26\ud835\ude3b\ud835\ude22 \ud835\ude25\ud835\ude26 \ud835\ude2f\ud835\ude36\ud835\ude26\ud835\ude34\ud835\ude35\ud835\ude33\ud835\ude22 \ud835\ude31\ud835\ude2d\ud835\ude36\ud835\ude33\ud835\ude2a\ud835\ude24\ud835\ude36\ud835\ude2d\ud835\ude35\ud835\ude36\ud835\ude33\ud835\ude22\ud835\ude2d\ud835\ude2a\ud835\ude25\ud835\ude22\ud835\ude25.&nbsp; Otavalo \ud835\ude34\ud835\ude2a\ud835\ude28ue de \ud835\ude31\ud835\ude2a\ud835\ude26<\/p>\n","protected":false},"excerpt":{"rendered":"<p>Hoy los otavale\u00f1os e imbabure\u00f1os, vimos en nuestro cielo azul, \ud835\ude36\ud835\ude2f \ud835\ude2e\ud835\ude26\ud835\ude2f\ud835\ude34\ud835\ude22\ud835\ude2b\ud835\ude26 \ud835\ude22 \ud835\ude2d\ud835\ude22 \ud835\ude26\ud835\ude34\ud835\ude26\ud835\ude2f\ud835\ude24\ud835\ude2a\ud835\ude22 \ud835\ude2e\ud835\ude2a\ud835\ude34\ud835\ude2e\ud835\ude22 \ud835\ude25\ud835\ude26 \ud835\ude2f\ud835\ude36\ud835\ude26\ud835\ude34\ud835\ude35\ud835\ude33\ud835\ude22 \ud835\ude2f\ud835\ude22\ud835\ude24\ud835\ude2a\ud835\ude30\u0301\ud835\ude2f.&nbsp; M\ud835\ude22\u0301\ud835\ude34 \ud835\ude22\ud835\ude2d\ud835\ude2d\ud835\ude22\u0301 \ud835\ude25\ud835\ude26 \ud835\ude2d\ud835\ude22\ud835\ude34 \ud835\ude25\ud835\ude2a\ud835\ude27\ud835\ude26\ud835\ude33\ud835\ude26\ud835\ude2f\ud835\ude24\ud835\ude2a\ud835\ude22\ud835\ude34, que la continuidad de la convivencia pac\u00edfica en Otavalo, sea nuestra prioridad ,nos una e identifique.\u00a0 Un pa\u00eds precisa reencontrarse con su esencia, necesita l\u00edderes honestos, ciudadanos valientes y un pueblo [&hellip;]<\/p>\n","protected":false},"author":1,"featured_media":487,"comment_status":"closed","ping_status":"closed","sticky":false,"template":"","format":"standard","meta":{"footnotes":""},"categories":[3],"tags":[],"class_list":["post-486","post","type-post","status-publish","format-standard","has-post-thumbnail","hentry","category-omcealdia"],"_links":{"self":[{"href":"https:\/\/omcemedios.com\/omce\/wp-json\/wp\/v2\/posts\/486","targetHints":{"allow":["GET"]}}],"collection":[{"href":"https:\/\/omcemedios.com\/omce\/wp-json\/wp\/v2\/posts"}],"about":[{"href":"https:\/\/omcemedios.com\/omce\/wp-json\/wp\/v2\/types\/post"}],"author":[{"embeddable":true,"href":"https:\/\/omcemedios.com\/omce\/wp-json\/wp\/v2\/users\/1"}],"replies":[{"embeddable":true,"href":"https:\/\/omcemedios.com\/omce\/wp-json\/wp\/v2\/comments?post=486"}],"version-history":[{"count":1,"href":"https:\/\/omcemedios.com\/omce\/wp-json\/wp\/v2\/posts\/486\/revisions"}],"predecessor-version":[{"id":489,"href":"https:\/\/omcemedios.com\/omce\/wp-json\/wp\/v2\/posts\/486\/revisions\/489"}],"wp:featuredmedia":[{"embeddable":true,"href":"https:\/\/omcemedios.com\/omce\/wp-json\/wp\/v2\/media\/487"}],"wp:attachment":[{"href":"https:\/\/omcemedios.com\/omce\/wp-json\/wp\/v2\/media?parent=486"}],"wp:term":[{"taxonomy":"category","embeddable":true,"href":"https:\/\/omcemedios.com\/omce\/wp-json\/wp\/v2\/categories?post=486"},{"taxonomy":"post_tag","embeddable":true,"href":"https:\/\/omcemedios.com\/omce\/wp-json\/wp\/v2\/tags?post=486"}],"curies":[{"name":"wp","href":"https:\/\/api.w.org\/{rel}","templated":true}]}}