{"id":480,"date":"2025-10-17T03:17:10","date_gmt":"2025-10-17T03:17:10","guid":{"rendered":"https:\/\/omcemedios.com\/omce\/?p=480"},"modified":"2025-10-17T03:17:12","modified_gmt":"2025-10-17T03:17:12","slug":"la-otra-guerra-del-paro-la-batalla-por-la-informacion","status":"publish","type":"post","link":"https:\/\/omcemedios.com\/omce\/2025\/10\/17\/la-otra-guerra-del-paro-la-batalla-por-la-informacion\/","title":{"rendered":"LA OTRA GUERRA DEL PARO, LA BATALLA POR LA INFORMACI\u00d3N"},"content":{"rendered":"\n<p>Durante los 25 d\u00edas de paro y \u201cresistencia \u201cen Otavalo, la ciudad no solo vive una crisis social, cultural y econ\u00f3mica, sino tambi\u00e9n una crisis informativa. Paralelamente a las movilizaciones, se libra otra guerra, la de la informaci\u00f3n, una batalla silenciosa pero feroz en la que las redes sociales se transformaron en \u201cantisociales\u201d y donde la disputa por la atenci\u00f3n se convierte en el nuevo campo de combate. Se crearon o delegaron medios de comunicaci\u00f3n y redes sociales &nbsp;\u201coficiales\u201d para \u201ctransmitir en vivo\u201d lo que sucede.<\/p>\n\n\n\n<figure class=\"wp-block-image size-large\"><img fetchpriority=\"high\" decoding=\"async\" width=\"1024\" height=\"710\" src=\"https:\/\/omcemedios.com\/omce\/wp-content\/uploads\/2025\/10\/GUERRA-AAAAOOOKKKK-ASISTAS-1024x710.png\" alt=\"\" class=\"wp-image-481\" srcset=\"https:\/\/omcemedios.com\/omce\/wp-content\/uploads\/2025\/10\/GUERRA-AAAAOOOKKKK-ASISTAS-1024x710.png 1024w, https:\/\/omcemedios.com\/omce\/wp-content\/uploads\/2025\/10\/GUERRA-AAAAOOOKKKK-ASISTAS-300x208.png 300w, https:\/\/omcemedios.com\/omce\/wp-content\/uploads\/2025\/10\/GUERRA-AAAAOOOKKKK-ASISTAS-768x532.png 768w, https:\/\/omcemedios.com\/omce\/wp-content\/uploads\/2025\/10\/GUERRA-AAAAOOOKKKK-ASISTAS.png 1300w\" sizes=\"(max-width: 1024px) 100vw, 1024px\" \/><\/figure>\n\n\n\n<p>En este escenario, la lucha ya no es solo en las calles, sino tambi\u00e9n en los espacios digitales. La narrativa del \u201cbien contra el mal\u201d \u201cdel terrorista contra el racista\u201d \u201cdel vago y del trabajador\u201d se volvi\u00f3 difusa, porque en realidad se trata de pueblo contra pueblo, enfrentado en un terreno de desinformaci\u00f3n, manipulaci\u00f3n y emociones desbordadas.<\/p>\n\n\n\n<p><strong>INFORMAR, OPINAR Y EXPRESAR, DIFERENCIAS ESENCIALES<\/strong><\/p>\n\n\n\n<p>En tiempos de confusi\u00f3n, es fundamental distinguir entre informar, opinar y expresar un punto de vista.<\/p>\n\n\n\n<p>Informar es presentar hechos verificados, contrastados y contextualizados.<\/p>\n\n\n\n<p>Opinar es emitir un juicio personal, pero con base en argumentos, datos y \u00e9tica.<\/p>\n\n\n\n<p>Tener un punto de vista es leg\u00edtimo, siempre que se reconozca como tal y no se confunda con la verdad.<\/p>\n\n\n\n<p>El derecho a la libre expresi\u00f3n protege todas las voces, pero no justifica la mentira ni el discurso de odio.<\/p>\n\n\n\n<p>El periodismo tiene la misi\u00f3n de iluminar, no incendiar. Por ello, la solidaridad entre comunicadores debe ir acompa\u00f1ada del compromiso con los m\u00ednimos \u00e9ticos del oficio, sin excusas ni excepciones.<\/p>\n\n\n\n<figure class=\"wp-block-image size-full\"><img decoding=\"async\" width=\"844\" height=\"406\" src=\"https:\/\/omcemedios.com\/omce\/wp-content\/uploads\/2025\/10\/guerra-vthumb__844_406_0_0_crop.jpg\" alt=\"\" class=\"wp-image-482\" srcset=\"https:\/\/omcemedios.com\/omce\/wp-content\/uploads\/2025\/10\/guerra-vthumb__844_406_0_0_crop.jpg 844w, https:\/\/omcemedios.com\/omce\/wp-content\/uploads\/2025\/10\/guerra-vthumb__844_406_0_0_crop-300x144.jpg 300w, https:\/\/omcemedios.com\/omce\/wp-content\/uploads\/2025\/10\/guerra-vthumb__844_406_0_0_crop-768x369.jpg 768w\" sizes=\"(max-width: 844px) 100vw, 844px\" \/><\/figure>\n\n\n\n<p><strong>LA ERA DE LOS CLICS, CUANDO LA ATENCI\u00d3N SE VUELVE PODER<\/strong><\/p>\n\n\n\n<p>En medio del caos informativo emergen nuevas figuras: influencers, pol\u00edticos, comunicadores, periodistas, ciudadan\u00eda en general que tiene un m\u00f3vil o una pantalla que, buscando captar la atenci\u00f3n de miles de usuarios, adoptan las din\u00e1micas de las redes. En este contexto, el clic reemplaza a la credibilidad, y el \u201clike\u201d pasa a ser m\u00e1s valioso que la verdad.<\/p>\n\n\n\n<p>Es v\u00e1lido intentar conectar con las audiencias, pero una estrategia digital no otorga licencia para desinformar. La mentira, los discursos de odio y los sesgos no son simples errores: son faltas \u00e9ticas que socavan la confianza p\u00fablica y agravan la divisi\u00f3n social.<\/p>\n\n\n\n<figure class=\"wp-block-image size-full\"><img decoding=\"async\" width=\"1000\" height=\"700\" src=\"https:\/\/omcemedios.com\/omce\/wp-content\/uploads\/2025\/10\/guierra-nathlalia.png\" alt=\"\" class=\"wp-image-484\" srcset=\"https:\/\/omcemedios.com\/omce\/wp-content\/uploads\/2025\/10\/guierra-nathlalia.png 1000w, https:\/\/omcemedios.com\/omce\/wp-content\/uploads\/2025\/10\/guierra-nathlalia-300x210.png 300w, https:\/\/omcemedios.com\/omce\/wp-content\/uploads\/2025\/10\/guierra-nathlalia-768x538.png 768w\" sizes=\"(max-width: 1000px) 100vw, 1000px\" \/><\/figure>\n\n\n\n<p><strong>Desinformaci\u00f3n y discurso de odio; los verdaderos nuevos enemigos en raz\u00f3n de la resistencia.<\/strong><\/p>\n\n\n\n<p>Durante los d\u00edas del paro, se difundieron y difunden mensajes que mezclan verdades a medias con rumores, videos fuera de contexto y titulares sensacionalistas. Todo lo \u201craro, escandaloso o extremo\u201d atrae clics, comentarios y seguidores. As\u00ed, todos se convirtieron en \u201cperiodistas\u201d, aunque pocos entienden la responsabilidad que ese t\u00edtulo conlleva.<\/p>\n\n\n<div class=\"wp-block-image\">\n<figure class=\"alignleft size-full\"><img loading=\"lazy\" decoding=\"async\" width=\"275\" height=\"400\" src=\"https:\/\/omcemedios.com\/omce\/wp-content\/uploads\/2025\/10\/guerra-informacion_1415868412_113545899_667x971-275x400-1.jpg\" alt=\"\" class=\"wp-image-483\" srcset=\"https:\/\/omcemedios.com\/omce\/wp-content\/uploads\/2025\/10\/guerra-informacion_1415868412_113545899_667x971-275x400-1.jpg 275w, https:\/\/omcemedios.com\/omce\/wp-content\/uploads\/2025\/10\/guerra-informacion_1415868412_113545899_667x971-275x400-1-206x300.jpg 206w\" sizes=\"(max-width: 275px) 100vw, 275px\" \/><\/figure>\n<\/div>\n\n\n<p>El resultado, una comunicaci\u00f3n basada en el resentimiento, el miedo y el facilismo, donde gana quien grita m\u00e1s fuerte, no quien argumenta mejor.<\/p>\n\n\n\n<p>Ante esta crisis de credibilidad, el periodismo debe regresar a su raz\u00f3n de ser, la precisi\u00f3n, la transparencia y la honestidad. Estos valores no son opcionales ni negociables; son los pilares que sostienen la confianza del p\u00fablico.<\/p>\n\n\n\n<p>El oficio period\u00edstico implica observar, contrastar, investigar y contextualizar, no competir en inmediatez con las redes sociales. Copiar sus din\u00e1micas solo conduce a la superficialidad. El verdadero periodismo es reflexivo y riguroso, no reactivo ni emocional.<\/p>\n\n\n\n<p>En Otavalo estamos viviendo una lecci\u00f3n desde el ruido, esta crisis ocasionado por el paro que a la postre no se conoce fehacientemente el por qu\u00e9? , est\u00e1 dejando una lecci\u00f3n clara, la verdad tambi\u00e9n puede ser una forma de resistencia. En tiempos de ruido y manipulaci\u00f3n, informar con rigor es un acto de valent\u00eda.<\/p>\n\n\n\n<p>El periodismo, m\u00e1s que nunca, debe ser puente y no trinchera, raz\u00f3n y no eco.<\/p>\n\n\n\n<p><\/p>\n","protected":false},"excerpt":{"rendered":"<p>Durante los 25 d\u00edas de paro y \u201cresistencia \u201cen Otavalo, la ciudad no solo vive una crisis social, cultural y econ\u00f3mica, sino tambi\u00e9n una crisis informativa. Paralelamente a las movilizaciones, se libra otra guerra, la de la informaci\u00f3n, una batalla silenciosa pero feroz en la que las redes sociales se transformaron en \u201cantisociales\u201d y donde [&hellip;]<\/p>\n","protected":false},"author":1,"featured_media":481,"comment_status":"closed","ping_status":"closed","sticky":false,"template":"","format":"standard","meta":{"footnotes":""},"categories":[4],"tags":[],"class_list":["post-480","post","type-post","status-publish","format-standard","has-post-thumbnail","hentry","category-tradicion-y-cultura"],"_links":{"self":[{"href":"https:\/\/omcemedios.com\/omce\/wp-json\/wp\/v2\/posts\/480","targetHints":{"allow":["GET"]}}],"collection":[{"href":"https:\/\/omcemedios.com\/omce\/wp-json\/wp\/v2\/posts"}],"about":[{"href":"https:\/\/omcemedios.com\/omce\/wp-json\/wp\/v2\/types\/post"}],"author":[{"embeddable":true,"href":"https:\/\/omcemedios.com\/omce\/wp-json\/wp\/v2\/users\/1"}],"replies":[{"embeddable":true,"href":"https:\/\/omcemedios.com\/omce\/wp-json\/wp\/v2\/comments?post=480"}],"version-history":[{"count":1,"href":"https:\/\/omcemedios.com\/omce\/wp-json\/wp\/v2\/posts\/480\/revisions"}],"predecessor-version":[{"id":485,"href":"https:\/\/omcemedios.com\/omce\/wp-json\/wp\/v2\/posts\/480\/revisions\/485"}],"wp:featuredmedia":[{"embeddable":true,"href":"https:\/\/omcemedios.com\/omce\/wp-json\/wp\/v2\/media\/481"}],"wp:attachment":[{"href":"https:\/\/omcemedios.com\/omce\/wp-json\/wp\/v2\/media?parent=480"}],"wp:term":[{"taxonomy":"category","embeddable":true,"href":"https:\/\/omcemedios.com\/omce\/wp-json\/wp\/v2\/categories?post=480"},{"taxonomy":"post_tag","embeddable":true,"href":"https:\/\/omcemedios.com\/omce\/wp-json\/wp\/v2\/tags?post=480"}],"curies":[{"name":"wp","href":"https:\/\/api.w.org\/{rel}","templated":true}]}}