{"id":475,"date":"2025-10-16T16:13:21","date_gmt":"2025-10-16T16:13:21","guid":{"rendered":"https:\/\/omcemedios.com\/omce\/?p=475"},"modified":"2025-10-16T16:13:23","modified_gmt":"2025-10-16T16:13:23","slug":"casa-de-la-cultura-ecuatoriana-benjamin-carrion-nucleo-de-imbabura","status":"publish","type":"post","link":"https:\/\/omcemedios.com\/omce\/2025\/10\/16\/casa-de-la-cultura-ecuatoriana-benjamin-carrion-nucleo-de-imbabura\/","title":{"rendered":"CASA DE LA CULTURA ECUATORIANA \u201cBENJAM\u00cdN CARRI\u00d3N\u201d N\u00daCLEO DE IMBABURA"},"content":{"rendered":"\n<p><strong>Martes Culturales: \u201cChulla Vida Band\u201d cautiv\u00f3 con su propuesta art\u00edstica<\/strong><\/p>\n\n\n\n<figure class=\"wp-block-image size-large\"><img fetchpriority=\"high\" decoding=\"async\" width=\"1024\" height=\"683\" src=\"https:\/\/omcemedios.com\/omce\/wp-content\/uploads\/2025\/10\/cce-561615225_679495418536148_1422560326030875593_n-1024x683.jpg\" alt=\"\" class=\"wp-image-476\" srcset=\"https:\/\/omcemedios.com\/omce\/wp-content\/uploads\/2025\/10\/cce-561615225_679495418536148_1422560326030875593_n-1024x683.jpg 1024w, https:\/\/omcemedios.com\/omce\/wp-content\/uploads\/2025\/10\/cce-561615225_679495418536148_1422560326030875593_n-300x200.jpg 300w, https:\/\/omcemedios.com\/omce\/wp-content\/uploads\/2025\/10\/cce-561615225_679495418536148_1422560326030875593_n-768x512.jpg 768w, https:\/\/omcemedios.com\/omce\/wp-content\/uploads\/2025\/10\/cce-561615225_679495418536148_1422560326030875593_n-1536x1024.jpg 1536w, https:\/\/omcemedios.com\/omce\/wp-content\/uploads\/2025\/10\/cce-561615225_679495418536148_1422560326030875593_n.jpg 2048w\" sizes=\"(max-width: 1024px) 100vw, 1024px\" \/><\/figure>\n\n\n\n<p>En la acertada continuidad de los \u201cMartes Culturales\u201d organizados por la Casa de la Cultura Ecuatoriana N\u00facleo de Imbabura, liderada por su presidenta, Do\u00f1a Rub\u00ed Esteves, el p\u00fablico disfrut\u00f3 el pasado 14 de octubre, de una tarde llena de creatividad y talento gracias a la presentaci\u00f3n de la agrupaci\u00f3n \u201cChulla Vida Band\u201d, dirigida por el reconocido m\u00fasico imbabure\u00f1o Daniel Ruiz.<\/p>\n\n\n\n<p>Ruiz, fundador del grupo, se distingue por su amplia trayectoria art\u00edstica: domina alrededor de 36 instrumentos musicales y posee 56 composiciones in\u00e9ditas, tanto en letra como en m\u00fasica. Su visi\u00f3n innovadora se reflej\u00f3 en cada interpretaci\u00f3n, donde la experimentaci\u00f3n sonora y la fusi\u00f3n de estilos ofrecieron una experiencia \u00fanica.<\/p>\n\n\n\n<figure class=\"wp-block-image size-large\"><img decoding=\"async\" width=\"1024\" height=\"683\" src=\"https:\/\/omcemedios.com\/omce\/wp-content\/uploads\/2025\/10\/cce-560032358_679495111869512_7514639794309374779_n-1024x683.jpg\" alt=\"\" class=\"wp-image-477\" srcset=\"https:\/\/omcemedios.com\/omce\/wp-content\/uploads\/2025\/10\/cce-560032358_679495111869512_7514639794309374779_n-1024x683.jpg 1024w, https:\/\/omcemedios.com\/omce\/wp-content\/uploads\/2025\/10\/cce-560032358_679495111869512_7514639794309374779_n-300x200.jpg 300w, https:\/\/omcemedios.com\/omce\/wp-content\/uploads\/2025\/10\/cce-560032358_679495111869512_7514639794309374779_n-768x512.jpg 768w, https:\/\/omcemedios.com\/omce\/wp-content\/uploads\/2025\/10\/cce-560032358_679495111869512_7514639794309374779_n-1536x1024.jpg 1536w, https:\/\/omcemedios.com\/omce\/wp-content\/uploads\/2025\/10\/cce-560032358_679495111869512_7514639794309374779_n.jpg 2048w\" sizes=\"(max-width: 1024px) 100vw, 1024px\" \/><\/figure>\n\n\n\n<p>La banda estuvo conformada por destacados m\u00fasicos locales: \u00c1ngel y Alejandro Tenecela en el bajo y la guitarra el\u00e9ctrica, Josu\u00e9 Ruiz en la guitarra y el tiple, Leonela Pazmi\u00f1o en el viol\u00edn, Fernando Amaya en la percusi\u00f3n, Franklin Cartagena en los vientos andinos y Daniel Ruiz como director musical.<\/p>\n\n\n\n<p>El p\u00fablico, entusiasta y receptivo, disfrut\u00f3 de una velada llena de m\u00fasica, arte y emoci\u00f3n, reafirmando que los Martes Culturales contin\u00faan siendo un espacio esencial para la promoci\u00f3n del talento y la identidad art\u00edstica imbabure\u00f1a.<\/p>\n\n\n\n<p>Felicitaciones a \u201cChulla Vida Band\u201d por su inspiradora presentaci\u00f3n y su valioso aporte a la cultura de nuestra provincia. Un abrazo<\/p>\n\n\n\n<figure class=\"wp-block-image size-large\"><img decoding=\"async\" width=\"1024\" height=\"683\" src=\"https:\/\/omcemedios.com\/omce\/wp-content\/uploads\/2025\/10\/cce-561782467_679495131869510_8001983716422861114_n-1024x683.jpg\" alt=\"\" class=\"wp-image-478\" srcset=\"https:\/\/omcemedios.com\/omce\/wp-content\/uploads\/2025\/10\/cce-561782467_679495131869510_8001983716422861114_n-1024x683.jpg 1024w, https:\/\/omcemedios.com\/omce\/wp-content\/uploads\/2025\/10\/cce-561782467_679495131869510_8001983716422861114_n-300x200.jpg 300w, https:\/\/omcemedios.com\/omce\/wp-content\/uploads\/2025\/10\/cce-561782467_679495131869510_8001983716422861114_n-768x512.jpg 768w, https:\/\/omcemedios.com\/omce\/wp-content\/uploads\/2025\/10\/cce-561782467_679495131869510_8001983716422861114_n-1536x1024.jpg 1536w, https:\/\/omcemedios.com\/omce\/wp-content\/uploads\/2025\/10\/cce-561782467_679495131869510_8001983716422861114_n.jpg 2048w\" sizes=\"(max-width: 1024px) 100vw, 1024px\" \/><\/figure>\n","protected":false},"excerpt":{"rendered":"<p>Martes Culturales: \u201cChulla Vida Band\u201d cautiv\u00f3 con su propuesta art\u00edstica En la acertada continuidad de los \u201cMartes Culturales\u201d organizados por la Casa de la Cultura Ecuatoriana N\u00facleo de Imbabura, liderada por su presidenta, Do\u00f1a Rub\u00ed Esteves, el p\u00fablico disfrut\u00f3 el pasado 14 de octubre, de una tarde llena de creatividad y talento gracias a la [&hellip;]<\/p>\n","protected":false},"author":1,"featured_media":476,"comment_status":"closed","ping_status":"closed","sticky":false,"template":"","format":"standard","meta":{"footnotes":""},"categories":[4],"tags":[],"class_list":["post-475","post","type-post","status-publish","format-standard","has-post-thumbnail","hentry","category-tradicion-y-cultura"],"_links":{"self":[{"href":"https:\/\/omcemedios.com\/omce\/wp-json\/wp\/v2\/posts\/475","targetHints":{"allow":["GET"]}}],"collection":[{"href":"https:\/\/omcemedios.com\/omce\/wp-json\/wp\/v2\/posts"}],"about":[{"href":"https:\/\/omcemedios.com\/omce\/wp-json\/wp\/v2\/types\/post"}],"author":[{"embeddable":true,"href":"https:\/\/omcemedios.com\/omce\/wp-json\/wp\/v2\/users\/1"}],"replies":[{"embeddable":true,"href":"https:\/\/omcemedios.com\/omce\/wp-json\/wp\/v2\/comments?post=475"}],"version-history":[{"count":1,"href":"https:\/\/omcemedios.com\/omce\/wp-json\/wp\/v2\/posts\/475\/revisions"}],"predecessor-version":[{"id":479,"href":"https:\/\/omcemedios.com\/omce\/wp-json\/wp\/v2\/posts\/475\/revisions\/479"}],"wp:featuredmedia":[{"embeddable":true,"href":"https:\/\/omcemedios.com\/omce\/wp-json\/wp\/v2\/media\/476"}],"wp:attachment":[{"href":"https:\/\/omcemedios.com\/omce\/wp-json\/wp\/v2\/media?parent=475"}],"wp:term":[{"taxonomy":"category","embeddable":true,"href":"https:\/\/omcemedios.com\/omce\/wp-json\/wp\/v2\/categories?post=475"},{"taxonomy":"post_tag","embeddable":true,"href":"https:\/\/omcemedios.com\/omce\/wp-json\/wp\/v2\/tags?post=475"}],"curies":[{"name":"wp","href":"https:\/\/api.w.org\/{rel}","templated":true}]}}