{"id":471,"date":"2025-10-08T21:00:52","date_gmt":"2025-10-08T21:00:52","guid":{"rendered":"https:\/\/omcemedios.com\/omce\/?p=471"},"modified":"2025-10-08T21:00:54","modified_gmt":"2025-10-08T21:00:54","slug":"fotoproteccion","status":"publish","type":"post","link":"https:\/\/omcemedios.com\/omce\/2025\/10\/08\/fotoproteccion\/","title":{"rendered":"FOTOPROTECCI\u00d3N"},"content":{"rendered":"\n<p><strong>Solo 20 % de los hombres usa fotoprotector a diario: un riesgo latente para la salud masculina<\/strong><\/p>\n\n\n\n<p>En Argentina, solo 20% de los hombres usa protector solar a diario frente al 33 % de las mujeres; en Brasil, hasta 43% no lo utiliza nunca; y en Per\u00fa, las encuestas confirman que las mujeres emplean protector solar con mayor frecuencia y regularidad que los hombres, seg\u00fan lo encuestas poblacionales en la regi\u00f3n. En Guayaquil, la mortalidad masculina por c\u00e1ncer de piel subi\u00f3 de 1,2 a 4,37 muertes por cada 100.000 entre 2008 y 2017; en Quito, en 2020 se diagnosticaron 41 casos por cada 100.000 hombres, seg\u00fan SOLCA<\/p>\n\n\n\n<figure class=\"wp-block-image size-full\"><img fetchpriority=\"high\" decoding=\"async\" width=\"996\" height=\"662\" src=\"https:\/\/omcemedios.com\/omce\/wp-content\/uploads\/2025\/10\/salud-hobres.jpeg\" alt=\"\" class=\"wp-image-472\" srcset=\"https:\/\/omcemedios.com\/omce\/wp-content\/uploads\/2025\/10\/salud-hobres.jpeg 996w, https:\/\/omcemedios.com\/omce\/wp-content\/uploads\/2025\/10\/salud-hobres-300x199.jpeg 300w, https:\/\/omcemedios.com\/omce\/wp-content\/uploads\/2025\/10\/salud-hobres-768x510.jpeg 768w\" sizes=\"(max-width: 996px) 100vw, 996px\" \/><\/figure>\n\n\n\n<p>Hablar de fotoprotecci\u00f3n en hombres ya no es una recomendaci\u00f3n est\u00e9tica, sino una alerta de salud p\u00fablica. Aunque el sol es parte de la vida cotidiana en nuestra regi\u00f3n, la realidad es que ellos se cuidan mucho menos que ellas, lo que incrementa riesgos graves como el c\u00e1ncer de piel. Despu\u00e9s de los 50 a\u00f1os, los hombres superan a las mujeres en riesgo de melanoma y suelen presentar peores pron\u00f3sticos. Sin embargo, el uso de protector solar diario sigue siendo bajo y rodeado de mitos.<\/p>\n\n\n\n<p>Los estudios en Ecuador y Latinoam\u00e9rica son consistentes: mientras m\u00e1s mujeres declaran usar fotoprotector de forma regular, los hombres lo aplican con menor constancia o incluso lo omiten por completo. Las excusas m\u00e1s comunes seg\u00fan algunos expertos van desde \u201cmi piel morena no lo necesita\u201d hasta creer que solo es \u00fatil en la playa o que impide la producci\u00f3n de vitamina D. Lo cierto es que ninguna de estas afirmaciones tiene respaldo cient\u00edfico y, por el contrario, descuidar la piel puede traducirse en lesiones irreversibles y hasta mortales.<\/p>\n\n\n\n<p>El c\u00e1ncer de piel es uno de los m\u00e1s frecuentes en el pa\u00eds y, en ciudades como Quito, Cuenca y Guayaquil, las estad\u00edsticas muestran un impacto creciente en varones, especialmente en zonas como rostro, cuello, cuero cabelludo y espalda. La exposici\u00f3n laboral al aire libre, el deporte sin protecci\u00f3n, la calvicie y la falta de h\u00e1bito en reaplicar protector solar, son factores que explican por qu\u00e9 la piel de los hombres est\u00e1 m\u00e1s desprotegida.<\/p>\n\n\n\n<p>\u201cLa fotoprotecci\u00f3n no es un tema de vanidad, sino de salud masculina. Un hombre que se cuida del sol est\u00e1 invirtiendo en a\u00f1os de vida saludable. Nuestra invitaci\u00f3n es clara: protector solar todos los d\u00edas, sin excusas.\u201d, as\u00ed lo indic\u00f3 la Dra. Andrea \u00cd\u00f1iguez, especialista en dermatolog\u00eda.<strong><\/strong><\/p>\n\n\n\n<p>Adoptar medidas sencillas puede marcar la diferencia: aplicar protector solar SPF 50+ todos los d\u00edas, reaplicarlo cada dos horas en actividades al aire libre, proteger zonas olvidadas como orejas y labios, y usar sombreros, gafas y ropa adecuada.<\/p>\n\n\n\n<p>La fotoprotecci\u00f3n debe convertirse en un h\u00e1bito tan cotidiano como cepillarse los dientes. En los hombres, significa prevenir quemaduras, fotoenvejecimiento y c\u00e1ncer de piel, pero sobre todo, significa elegir vivir m\u00e1s y mejor.<\/p>\n","protected":false},"excerpt":{"rendered":"<p>Solo 20 % de los hombres usa fotoprotector a diario: un riesgo latente para la salud masculina En Argentina, solo 20% de los hombres usa protector solar a diario frente al 33 % de las mujeres; en Brasil, hasta 43% no lo utiliza nunca; y en Per\u00fa, las encuestas confirman que las mujeres emplean protector [&hellip;]<\/p>\n","protected":false},"author":1,"featured_media":472,"comment_status":"closed","ping_status":"closed","sticky":false,"template":"","format":"standard","meta":{"footnotes":""},"categories":[3,4],"tags":[],"class_list":["post-471","post","type-post","status-publish","format-standard","has-post-thumbnail","hentry","category-omcealdia","category-tradicion-y-cultura"],"_links":{"self":[{"href":"https:\/\/omcemedios.com\/omce\/wp-json\/wp\/v2\/posts\/471","targetHints":{"allow":["GET"]}}],"collection":[{"href":"https:\/\/omcemedios.com\/omce\/wp-json\/wp\/v2\/posts"}],"about":[{"href":"https:\/\/omcemedios.com\/omce\/wp-json\/wp\/v2\/types\/post"}],"author":[{"embeddable":true,"href":"https:\/\/omcemedios.com\/omce\/wp-json\/wp\/v2\/users\/1"}],"replies":[{"embeddable":true,"href":"https:\/\/omcemedios.com\/omce\/wp-json\/wp\/v2\/comments?post=471"}],"version-history":[{"count":1,"href":"https:\/\/omcemedios.com\/omce\/wp-json\/wp\/v2\/posts\/471\/revisions"}],"predecessor-version":[{"id":473,"href":"https:\/\/omcemedios.com\/omce\/wp-json\/wp\/v2\/posts\/471\/revisions\/473"}],"wp:featuredmedia":[{"embeddable":true,"href":"https:\/\/omcemedios.com\/omce\/wp-json\/wp\/v2\/media\/472"}],"wp:attachment":[{"href":"https:\/\/omcemedios.com\/omce\/wp-json\/wp\/v2\/media?parent=471"}],"wp:term":[{"taxonomy":"category","embeddable":true,"href":"https:\/\/omcemedios.com\/omce\/wp-json\/wp\/v2\/categories?post=471"},{"taxonomy":"post_tag","embeddable":true,"href":"https:\/\/omcemedios.com\/omce\/wp-json\/wp\/v2\/tags?post=471"}],"curies":[{"name":"wp","href":"https:\/\/api.w.org\/{rel}","templated":true}]}}