{"id":464,"date":"2025-10-08T20:26:21","date_gmt":"2025-10-08T20:26:21","guid":{"rendered":"https:\/\/omcemedios.com\/omce\/?p=464"},"modified":"2025-10-08T20:26:22","modified_gmt":"2025-10-08T20:26:22","slug":"cne-promueve-el-voto-informado-del-referendum-y-consulta-popular-2025-con-universidades-del-pais","status":"publish","type":"post","link":"https:\/\/omcemedios.com\/omce\/2025\/10\/08\/cne-promueve-el-voto-informado-del-referendum-y-consulta-popular-2025-con-universidades-del-pais\/","title":{"rendered":"CNE PROMUEVE EL VOTO INFORMADO DEL REFER\u00c9NDUM Y CONSULTA POPULAR 2025 CON UNIVERSIDADES DEL PA\u00cdS"},"content":{"rendered":"\n<p><br>Con la presencia de la presidenta del Consejo Nacional Electoral (CNE), Diana Atamaint y del<br>vicepresidente Enrique Pita Garc\u00eda, este 8 de octubre se inaugur\u00f3 en la Universidad Ecotec, en Guayaquil,el conversatorio: \u201cEnfoques Democr\u00e1ticos del Refer\u00e9ndum y Consulta Popular 2025\u201d, una iniciativa que busca fortalecer el debate acad\u00e9mico, la participaci\u00f3n estudiantil y el voto informado de la ciudadan\u00eda.<br>La m\u00e1xima autoridad del CNE destac\u00f3 que este espacio reafirma el compromiso institucional con la<br>formaci\u00f3n c\u00edvica, mediante un trabajo articulado con la academia. \u201cLas universidades son espacios<br>donde se genera el pensamiento cr\u00edtico. Con \u201cEnfoques Democr\u00e1ticos\u201d buscamos que docentes, expertos, j\u00f3venes y la ciudadan\u00eda conozcan las preguntas de este proceso electoral\u201d, se\u00f1al\u00f3.<\/p>\n\n\n\n<figure class=\"wp-block-image size-large\"><img fetchpriority=\"high\" decoding=\"async\" width=\"1024\" height=\"682\" src=\"https:\/\/omcemedios.com\/omce\/wp-content\/uploads\/2025\/10\/CFNNNNE-WhatsApp-Image-2025-10-08-at-13.27.51-1024x682.jpeg\" alt=\"\" class=\"wp-image-465\" srcset=\"https:\/\/omcemedios.com\/omce\/wp-content\/uploads\/2025\/10\/CFNNNNE-WhatsApp-Image-2025-10-08-at-13.27.51-1024x682.jpeg 1024w, https:\/\/omcemedios.com\/omce\/wp-content\/uploads\/2025\/10\/CFNNNNE-WhatsApp-Image-2025-10-08-at-13.27.51-300x200.jpeg 300w, https:\/\/omcemedios.com\/omce\/wp-content\/uploads\/2025\/10\/CFNNNNE-WhatsApp-Image-2025-10-08-at-13.27.51-768x512.jpeg 768w, https:\/\/omcemedios.com\/omce\/wp-content\/uploads\/2025\/10\/CFNNNNE-WhatsApp-Image-2025-10-08-at-13.27.51.jpeg 1280w\" sizes=\"(max-width: 1024px) 100vw, 1024px\" \/><\/figure>\n\n\n\n<p><br>El CNE ha socializado la iniciativa con otras universidades del pa\u00eds para incentivar que se repliquen estos<br>espacios de difusi\u00f3n sobre las cuatro preguntas que ser\u00e1n sometidas a consulta el domingo 16 de<br>noviembre<\/p>\n","protected":false},"excerpt":{"rendered":"<p>Con la presencia de la presidenta del Consejo Nacional Electoral (CNE), Diana Atamaint y delvicepresidente Enrique Pita Garc\u00eda, este 8 de octubre se inaugur\u00f3 en la Universidad Ecotec, en Guayaquil,el conversatorio: \u201cEnfoques Democr\u00e1ticos del Refer\u00e9ndum y Consulta Popular 2025\u201d, una iniciativa que busca fortalecer el debate acad\u00e9mico, la participaci\u00f3n estudiantil y el voto informado de [&hellip;]<\/p>\n","protected":false},"author":1,"featured_media":465,"comment_status":"closed","ping_status":"closed","sticky":false,"template":"","format":"standard","meta":{"footnotes":""},"categories":[3],"tags":[],"class_list":["post-464","post","type-post","status-publish","format-standard","has-post-thumbnail","hentry","category-omcealdia"],"_links":{"self":[{"href":"https:\/\/omcemedios.com\/omce\/wp-json\/wp\/v2\/posts\/464","targetHints":{"allow":["GET"]}}],"collection":[{"href":"https:\/\/omcemedios.com\/omce\/wp-json\/wp\/v2\/posts"}],"about":[{"href":"https:\/\/omcemedios.com\/omce\/wp-json\/wp\/v2\/types\/post"}],"author":[{"embeddable":true,"href":"https:\/\/omcemedios.com\/omce\/wp-json\/wp\/v2\/users\/1"}],"replies":[{"embeddable":true,"href":"https:\/\/omcemedios.com\/omce\/wp-json\/wp\/v2\/comments?post=464"}],"version-history":[{"count":1,"href":"https:\/\/omcemedios.com\/omce\/wp-json\/wp\/v2\/posts\/464\/revisions"}],"predecessor-version":[{"id":466,"href":"https:\/\/omcemedios.com\/omce\/wp-json\/wp\/v2\/posts\/464\/revisions\/466"}],"wp:featuredmedia":[{"embeddable":true,"href":"https:\/\/omcemedios.com\/omce\/wp-json\/wp\/v2\/media\/465"}],"wp:attachment":[{"href":"https:\/\/omcemedios.com\/omce\/wp-json\/wp\/v2\/media?parent=464"}],"wp:term":[{"taxonomy":"category","embeddable":true,"href":"https:\/\/omcemedios.com\/omce\/wp-json\/wp\/v2\/categories?post=464"},{"taxonomy":"post_tag","embeddable":true,"href":"https:\/\/omcemedios.com\/omce\/wp-json\/wp\/v2\/tags?post=464"}],"curies":[{"name":"wp","href":"https:\/\/api.w.org\/{rel}","templated":true}]}}