{"id":454,"date":"2025-10-06T18:20:51","date_gmt":"2025-10-06T18:20:51","guid":{"rendered":"https:\/\/omcemedios.com\/omce\/?p=454"},"modified":"2025-10-06T18:20:52","modified_gmt":"2025-10-06T18:20:52","slug":"rumbo-a-la-cop30-con-nuestra-voz-llevaremos-la-fuerza-de-cientos-de-pueblos-y-miles-de-anos-de-cuidado-de-la-amazonia-la-voz-que-llevara-la-fuerza-de-cientos-de-pueblos-y-miles-de-anos-de-cui","status":"publish","type":"post","link":"https:\/\/omcemedios.com\/omce\/2025\/10\/06\/rumbo-a-la-cop30-con-nuestra-voz-llevaremos-la-fuerza-de-cientos-de-pueblos-y-miles-de-anos-de-cuidado-de-la-amazonia-la-voz-que-llevara-la-fuerza-de-cientos-de-pueblos-y-miles-de-anos-de-cui\/","title":{"rendered":"Rumbo a la COP30: Con nuestra voz llevaremos la fuerza de cientos de pueblos y miles de a\u00f1os de cuidado de la Amazon\u00eda.\u00a0: La voz que llevar\u00e1 la fuerza de cientos de pueblos y miles de a\u00f1os de cuidado de la Amazon\u00eda.\u00a0"},"content":{"rendered":"\n<figure class=\"wp-block-image size-large\"><img fetchpriority=\"high\" decoding=\"async\" width=\"1024\" height=\"538\" src=\"https:\/\/omcemedios.com\/omce\/wp-content\/uploads\/2025\/10\/amaaaaa-1024x538.jpg\" alt=\"\" class=\"wp-image-455\" srcset=\"https:\/\/omcemedios.com\/omce\/wp-content\/uploads\/2025\/10\/amaaaaa-1024x538.jpg 1024w, https:\/\/omcemedios.com\/omce\/wp-content\/uploads\/2025\/10\/amaaaaa-300x158.jpg 300w, https:\/\/omcemedios.com\/omce\/wp-content\/uploads\/2025\/10\/amaaaaa-768x403.jpg 768w, https:\/\/omcemedios.com\/omce\/wp-content\/uploads\/2025\/10\/amaaaaa.jpg 1200w\" sizes=\"(max-width: 1024px) 100vw, 1024px\" \/><\/figure>\n\n\n\n<figure class=\"wp-block-table\"><table class=\"has-fixed-layout\"><tbody><tr><td><br>La Coordinadora de las Organizaciones Ind\u00edgenas de la Cuenca Amaz\u00f3nica \u2013 COICA est\u00e1 desplegando una estrategia integral para asegurar que, en la COP30 de Bel\u00e9m do Par\u00e1, la voz delos pueblos ind\u00edgenas amaz\u00f3nicos sea escuchada y reconocida como un actor claveen la acci\u00f3n clim\u00e1tica global.<br><br>En el coraz\u00f3n de esta estrategia est\u00e1 la\u00a0<strong>construcci\u00f3n colectiva del Posicionamiento Ind\u00edgena Amaz\u00f3nico,<\/strong>\u00a0resultado de un proceso que integra las\u00a0<strong>pre-COPs nacionales, los espacios de an\u00e1lisis pol\u00edtico, y los documentos y estrategias impulsados por las organizaciones ind\u00edgenas de base<\/strong>. Se nutre tambi\u00e9n de la\u00a0<strong>participaci\u00f3n activa de COICA en foros regionales de incidencia<\/strong>\u00a0y de la\u00a0<strong>decisi\u00f3n un\u00e1nime del Consejo de Coordinaci\u00f3n de COICA (CCC)<\/strong>\u00a0\u2014conformado por los presidentes de las nueve organizaciones nacionales de la cuenca amaz\u00f3nica, el Consejo Directivo y ex Coordinadores Generales\u2014 reunido en Brasilia el 1 de junio de 2025. En cumplimiento de este acuerdo, cada presidente design\u00f3 puntos focales en su pa\u00eds para coordinar las acciones y asegurar la participaci\u00f3n de sus delegaciones.<br><br><\/td><\/tr><tr><td><img alt=\"\" width=\"561\" height=\"auto\"><\/td><\/tr><tr><td><img alt=\"\" width=\"280.5\" height=\"auto\"><br><br>El momento clave para afinar y consolidar este posicionamiento ser\u00e1 la&nbsp;<strong>Pre-COP Ind\u00edgena Amaz\u00f3nica<\/strong>, que se celebrar\u00e1 del&nbsp;<strong>1 al 04 de octubre de 2025 en Brasilia<\/strong>. &nbsp;Este&nbsp;<strong>no es un documento m\u00e1s<\/strong>: es la&nbsp;<strong>s\u00edntesis de demandas, propuestas y l\u00edneas rojas<\/strong>&nbsp;que los pueblos ind\u00edgenas amaz\u00f3nicos defienden para garantizar la vida, el territorio y el clima. Surge de un trabajo articulado con nuestras organizaciones miembro, recogiendo la realidad de los nueve pa\u00edses amaz\u00f3nicos y consolidando una&nbsp;<strong>visi\u00f3n com\u00fan<\/strong>&nbsp;que servir\u00e1 de gu\u00eda para nuestra incidencia en las negociaciones clim\u00e1ticas.<\/td><\/tr><tr><td><br><br>La\u00a0<strong>Pre-COP Ind\u00edgena Amaz\u00f3nica\u00a0<\/strong>reunir\u00e1 a liderazgos de toda la cuenca en un ejercicio pol\u00edtico sin precedentes: debatir, acordar y proyectar una postura com\u00fan que no solo represente la diversidad cultural y territorial de la Amazon\u00eda, sino que tambi\u00e9n fortalezca la unidad y la fuerza colectiva frente a los Estados, organismos internacionales y dem\u00e1s actores presentes en la COP30.<br>En paralelo, COICA impulsa un\u00a0<strong>Curso Virtual Preparatorio<\/strong>\u00a0con \u00e9nfasis en la participaci\u00f3n de j\u00f3venes ind\u00edgenas, conscientes de que su liderazgo es clave para garantizar el relevo generacional y la continuidad de la defensa de los derechos y territorios. La visi\u00f3n es clara:\u00a0<strong>mientras mayor sea el conocimiento de las juventudes sobre los temas de negociaci\u00f3n clim\u00e1tica, los desaf\u00edos que enfrentan sus pueblos y las herramientas para incidir, mayor ser\u00e1 la fuerza colectiva para lograr cambios reales<\/strong>.<br><br><\/td><\/tr><tr><td>Este proceso formativo, que tambi\u00e9n involucra a dirigentes en ejercicio, combina an\u00e1lisis t\u00e9cnico, ejemplos concretos de los nueve pa\u00edses amaz\u00f3nicos y din\u00e1micas participativas para fortalecer la capacidad de liderazgo, la argumentaci\u00f3n y la vocer\u00eda de las nuevas generaciones.<br><br>Adem\u00e1s, se ha puesto en marcha una\u00a0<strong>consulta en l\u00ednea dirigida a j\u00f3venes, l\u00edderes y lideresas ind\u00edgenas\u00a0<\/strong>que deseen participar en la construcci\u00f3n del Posicionamiento Amaz\u00f3nico. A trav\u00e9s de un formulario digital, las voces de las comunidades llegan directamente a las mesas tem\u00e1ticas de la Pre-COP y ser\u00e1n reconocidas como parte de la fuerza colectiva que COICA llevar\u00e1 a la COP30 en Bel\u00e9m.<br>Desde COICA, se trabaja para que nuestros territorios, derechos y propuestas est\u00e9n en el centro de las decisiones globales, demostrando que\u00a0<strong>la gobernanza territorial ind\u00edgena y las soluciones desde los pueblos son esenciales para enfrentar la crisis clim\u00e1tica<\/strong>.<\/td><\/tr><\/tbody><\/table><\/figure>\n\n\n\n<figure class=\"wp-block-image size-full\"><img decoding=\"async\" width=\"1024\" height=\"512\" src=\"https:\/\/omcemedios.com\/omce\/wp-content\/uploads\/2025\/10\/amazonicos.png\" alt=\"\" class=\"wp-image-456\" srcset=\"https:\/\/omcemedios.com\/omce\/wp-content\/uploads\/2025\/10\/amazonicos.png 1024w, https:\/\/omcemedios.com\/omce\/wp-content\/uploads\/2025\/10\/amazonicos-300x150.png 300w, https:\/\/omcemedios.com\/omce\/wp-content\/uploads\/2025\/10\/amazonicos-768x384.png 768w\" sizes=\"(max-width: 1024px) 100vw, 1024px\" \/><\/figure>\n","protected":false},"excerpt":{"rendered":"<p>La Coordinadora de las Organizaciones Ind\u00edgenas de la Cuenca Amaz\u00f3nica \u2013 COICA est\u00e1 desplegando una estrategia integral para asegurar que, en la COP30 de Bel\u00e9m do Par\u00e1, la voz delos pueblos ind\u00edgenas amaz\u00f3nicos sea escuchada y reconocida como un actor claveen la acci\u00f3n clim\u00e1tica global. En el coraz\u00f3n de esta estrategia est\u00e1 la\u00a0construcci\u00f3n colectiva del [&hellip;]<\/p>\n","protected":false},"author":1,"featured_media":455,"comment_status":"closed","ping_status":"closed","sticky":false,"template":"","format":"standard","meta":{"footnotes":""},"categories":[4],"tags":[],"class_list":["post-454","post","type-post","status-publish","format-standard","has-post-thumbnail","hentry","category-tradicion-y-cultura"],"_links":{"self":[{"href":"https:\/\/omcemedios.com\/omce\/wp-json\/wp\/v2\/posts\/454","targetHints":{"allow":["GET"]}}],"collection":[{"href":"https:\/\/omcemedios.com\/omce\/wp-json\/wp\/v2\/posts"}],"about":[{"href":"https:\/\/omcemedios.com\/omce\/wp-json\/wp\/v2\/types\/post"}],"author":[{"embeddable":true,"href":"https:\/\/omcemedios.com\/omce\/wp-json\/wp\/v2\/users\/1"}],"replies":[{"embeddable":true,"href":"https:\/\/omcemedios.com\/omce\/wp-json\/wp\/v2\/comments?post=454"}],"version-history":[{"count":1,"href":"https:\/\/omcemedios.com\/omce\/wp-json\/wp\/v2\/posts\/454\/revisions"}],"predecessor-version":[{"id":457,"href":"https:\/\/omcemedios.com\/omce\/wp-json\/wp\/v2\/posts\/454\/revisions\/457"}],"wp:featuredmedia":[{"embeddable":true,"href":"https:\/\/omcemedios.com\/omce\/wp-json\/wp\/v2\/media\/455"}],"wp:attachment":[{"href":"https:\/\/omcemedios.com\/omce\/wp-json\/wp\/v2\/media?parent=454"}],"wp:term":[{"taxonomy":"category","embeddable":true,"href":"https:\/\/omcemedios.com\/omce\/wp-json\/wp\/v2\/categories?post=454"},{"taxonomy":"post_tag","embeddable":true,"href":"https:\/\/omcemedios.com\/omce\/wp-json\/wp\/v2\/tags?post=454"}],"curies":[{"name":"wp","href":"https:\/\/api.w.org\/{rel}","templated":true}]}}