{"id":447,"date":"2025-10-06T18:06:26","date_gmt":"2025-10-06T18:06:26","guid":{"rendered":"https:\/\/omcemedios.com\/omce\/?p=447"},"modified":"2025-10-06T18:06:29","modified_gmt":"2025-10-06T18:06:29","slug":"hoy-conversatorio-en-la-universidad-andina-simon-bolivar","status":"publish","type":"post","link":"https:\/\/omcemedios.com\/omce\/2025\/10\/06\/hoy-conversatorio-en-la-universidad-andina-simon-bolivar\/","title":{"rendered":"HOY CONVERSATORIO EN LA  UNIVERSIDAD ANDINA,  SIM\u00d3N BOL\u00cdVAR"},"content":{"rendered":"\n<p><strong>Uso de la Tierra y Cambio Clim\u00e1tico en el Ecuador<\/strong><\/p>\n\n\n\n<p>El conversatorio presenta el proyecto sobre geomorfolog\u00eda y cambio clim\u00e1tico en la Sierra Norte del Ecuador, que est\u00e1 iniciando la Universidad de G\u00f6ttingen con varias universidades ecuatorianas, y tambi\u00e9n expone sus hip\u00f3tesis iniciales. El proyecto busca identificar, con evidencias emp\u00edricas, los cambios antropog\u00e9nicos de larga duraci\u00f3n en el uso del suelo, bajo influencias geol\u00f3gicas de sismos, erupciones, procesos erosivos e incendios forestales, y los efectos actuales del cambio clim\u00e1tico. El estudio enfoca en especial los ciclos del agua y del carbono.<\/p>\n\n\n\n<figure class=\"wp-block-image size-large\"><img fetchpriority=\"high\" decoding=\"async\" width=\"1024\" height=\"691\" src=\"https:\/\/omcemedios.com\/omce\/wp-content\/uploads\/2025\/10\/CALENTAMIENTO-1024x691.jpg\" alt=\"\" class=\"wp-image-448\" srcset=\"https:\/\/omcemedios.com\/omce\/wp-content\/uploads\/2025\/10\/CALENTAMIENTO-1024x691.jpg 1024w, https:\/\/omcemedios.com\/omce\/wp-content\/uploads\/2025\/10\/CALENTAMIENTO-300x203.jpg 300w, https:\/\/omcemedios.com\/omce\/wp-content\/uploads\/2025\/10\/CALENTAMIENTO-768x518.jpg 768w, https:\/\/omcemedios.com\/omce\/wp-content\/uploads\/2025\/10\/CALENTAMIENTO.jpg 1200w\" sizes=\"(max-width: 1024px) 100vw, 1024px\" \/><\/figure>\n\n\n\n<p>En el Ecuador, el uso de la tierra ha cambiado profundamente con el desarrollo acelerado de la agricultura comercial y de exportaci\u00f3n, sobre todo a partir de la segunda mitad del Siglo XX, sin embargo, su distribuci\u00f3n actual es insustentable, acelera tanto el cambio clim\u00e1tico, como tambi\u00e9n el deterioro de los suelos y la p\u00e9rdida de biodiversidad. Socialmente, la concentraci\u00f3n de la propiedad se ha mantenido y acentuado, generando reducidas oportunidades de empleo. Los efectos del cambio clim\u00e1tico intensificar\u00e1n la escasez de agua en la Sierra y la Amazon\u00eda, agudizando los problemas actuales. Las alternativas agroecol\u00f3gicas, aunque en expansi\u00f3n, son todav\u00eda insuficientes.<\/p>\n\n\n\n<figure class=\"wp-block-image size-large\"><img decoding=\"async\" width=\"1024\" height=\"576\" src=\"https:\/\/omcemedios.com\/omce\/wp-content\/uploads\/2025\/10\/TIERRA-COP-26-1024x576.jpg\" alt=\"\" class=\"wp-image-449\" srcset=\"https:\/\/omcemedios.com\/omce\/wp-content\/uploads\/2025\/10\/TIERRA-COP-26-1024x576.jpg 1024w, https:\/\/omcemedios.com\/omce\/wp-content\/uploads\/2025\/10\/TIERRA-COP-26-300x169.jpg 300w, https:\/\/omcemedios.com\/omce\/wp-content\/uploads\/2025\/10\/TIERRA-COP-26-768x432.jpg 768w, https:\/\/omcemedios.com\/omce\/wp-content\/uploads\/2025\/10\/TIERRA-COP-26.jpg 1112w\" sizes=\"(max-width: 1024px) 100vw, 1024px\" \/><\/figure>\n\n\n\n<p><strong>Expositores:<\/strong><\/p>\n\n\n\n<ul class=\"wp-block-list\">\n<li>Elisabeth Dietzte, Ph.D. Profesora de Geociencia del paisaje, Universidad de G\u00f6ttingen, Alemania.<\/li>\n\n\n\n<li>Carlos Larrea, Ph.D. Director de Ambiente y Sustentabilidad, Universidad Andina Sim\u00f3n Bol\u00edvar.<\/li>\n<\/ul>\n\n\n\n<p><strong>Fecha y lugar<\/strong><br><a href=\"https:\/\/aplicaciones.uasb.edu.ec\/PortalV\/registroCA.xhtml?actividad=4794\">https:\/\/aplicaciones.uasb.edu.ec\/PortalV\/registroCA.xhtml?actividad=4794<\/a><br>\u2022\u00a0<strong>Lunes 6 de octubre de 2025<\/strong>,\u00a0<strong>18h00<\/strong><br>\u2022\u00a0<strong>Sala Manuela S\u00e1enz, Universidad Andina Sim\u00f3n Bol\u00edvar<\/strong><\/p>\n\n\n\n<p>\u2022\u00a0<strong>Actividad gratuita \u2013 requiere inscripci\u00f3n previa<\/strong><br><\/p>\n\n\n\n<figure class=\"wp-block-table\"><table class=\"has-fixed-layout\"><tbody><tr><td><strong>Camilo Baroja<\/strong>&nbsp;<strong>&lt;uasb.notificaciones@uasb.edu.ec&gt;<\/strong><\/td><\/tr><\/tbody><\/table><\/figure>\n\n\n\n<p><\/p>\n","protected":false},"excerpt":{"rendered":"<p>Uso de la Tierra y Cambio Clim\u00e1tico en el Ecuador El conversatorio presenta el proyecto sobre geomorfolog\u00eda y cambio clim\u00e1tico en la Sierra Norte del Ecuador, que est\u00e1 iniciando la Universidad de G\u00f6ttingen con varias universidades ecuatorianas, y tambi\u00e9n expone sus hip\u00f3tesis iniciales. El proyecto busca identificar, con evidencias emp\u00edricas, los cambios antropog\u00e9nicos de larga [&hellip;]<\/p>\n","protected":false},"author":1,"featured_media":448,"comment_status":"closed","ping_status":"closed","sticky":false,"template":"","format":"standard","meta":{"footnotes":""},"categories":[3],"tags":[],"class_list":["post-447","post","type-post","status-publish","format-standard","has-post-thumbnail","hentry","category-omcealdia"],"_links":{"self":[{"href":"https:\/\/omcemedios.com\/omce\/wp-json\/wp\/v2\/posts\/447","targetHints":{"allow":["GET"]}}],"collection":[{"href":"https:\/\/omcemedios.com\/omce\/wp-json\/wp\/v2\/posts"}],"about":[{"href":"https:\/\/omcemedios.com\/omce\/wp-json\/wp\/v2\/types\/post"}],"author":[{"embeddable":true,"href":"https:\/\/omcemedios.com\/omce\/wp-json\/wp\/v2\/users\/1"}],"replies":[{"embeddable":true,"href":"https:\/\/omcemedios.com\/omce\/wp-json\/wp\/v2\/comments?post=447"}],"version-history":[{"count":1,"href":"https:\/\/omcemedios.com\/omce\/wp-json\/wp\/v2\/posts\/447\/revisions"}],"predecessor-version":[{"id":450,"href":"https:\/\/omcemedios.com\/omce\/wp-json\/wp\/v2\/posts\/447\/revisions\/450"}],"wp:featuredmedia":[{"embeddable":true,"href":"https:\/\/omcemedios.com\/omce\/wp-json\/wp\/v2\/media\/448"}],"wp:attachment":[{"href":"https:\/\/omcemedios.com\/omce\/wp-json\/wp\/v2\/media?parent=447"}],"wp:term":[{"taxonomy":"category","embeddable":true,"href":"https:\/\/omcemedios.com\/omce\/wp-json\/wp\/v2\/categories?post=447"},{"taxonomy":"post_tag","embeddable":true,"href":"https:\/\/omcemedios.com\/omce\/wp-json\/wp\/v2\/tags?post=447"}],"curies":[{"name":"wp","href":"https:\/\/api.w.org\/{rel}","templated":true}]}}