{"id":433,"date":"2025-10-06T16:15:59","date_gmt":"2025-10-06T16:15:59","guid":{"rendered":"https:\/\/omcemedios.com\/omce\/?p=433"},"modified":"2025-10-06T16:16:00","modified_gmt":"2025-10-06T16:16:00","slug":"dhl-impulsa-la-igualdad-de-genero-en-la-movilidad-electrica-y-logistica-en-ecuador","status":"publish","type":"post","link":"https:\/\/omcemedios.com\/omce\/2025\/10\/06\/dhl-impulsa-la-igualdad-de-genero-en-la-movilidad-electrica-y-logistica-en-ecuador\/","title":{"rendered":"DHL IMPULSA LA IGUALDAD DE G\u00c9NERO EN LA MOVILIDAD EL\u00c9CTRICA Y LOG\u00cdSTICA EN ECUADOR"},"content":{"rendered":"\n<p>Gracias la informaci\u00f3n de Cristina Mosquera de la agencia Nominis ,en Ecuador, solo el 9% de los empleos en transporte y log\u00edstica son ocupados por mujeres, seg\u00fan la ENEMDU, una cifra que refleja los desaf\u00edos de inclusi\u00f3n en un sector tradicionalmente masculinizado.<\/p>\n\n\n\n<p>Empresas hoy cuentan con un 38% de su talento total femenino, de las cuales el 36% lidera equipos y proyectos estrat\u00e9gicos. Adem\u00e1s, cada vez se suman m\u00e1s mujeres conductoras en operaciones log\u00edsticas de transporte.<\/p>\n\n\n\n<p>Este avance fue reconocido por el Programa de Naciones Unidas para el Medio Ambiente (PNUMA) y el Fondo Mundial para el Medio Ambiente (GEF) en la campa\u00f1a \u201cVoces que transforman la movilidad\u201d, de donde nace el proyecto E-Warmi, que promueve la inserci\u00f3n de mujeres en la movilidad el\u00e9ctrica a trav\u00e9s de becas y capacitaci\u00f3n.<\/p>\n\n\n\n<figure class=\"wp-block-image size-full\"><img fetchpriority=\"high\" decoding=\"async\" width=\"747\" height=\"498\" src=\"https:\/\/omcemedios.com\/omce\/wp-content\/uploads\/2025\/10\/dhl.png\" alt=\"\" class=\"wp-image-434\" srcset=\"https:\/\/omcemedios.com\/omce\/wp-content\/uploads\/2025\/10\/dhl.png 747w, https:\/\/omcemedios.com\/omce\/wp-content\/uploads\/2025\/10\/dhl-300x200.png 300w\" sizes=\"(max-width: 747px) 100vw, 747px\" \/><\/figure>\n\n\n\n<p>De izquierda a derecha: Diana Urquizo, Supervisora de Operaciones en Quito y Flota Nacional de DHL; Domenique Puetate, Courier DHL; Alexandra Suasnavas, Coordinadora Regional de la Iniciativa de Movilidad El\u00e9ctrica Urbana.<\/p>\n\n\n\n<p><strong>Comparto una historia que inspira y abre camino a la igualdad de oportunidades en el transporte y la movilidad sostenible.<\/strong><\/p>\n\n\n<div class=\"wp-block-image\">\n<figure class=\"alignright size-full is-resized\"><img decoding=\"async\" width=\"476\" height=\"329\" src=\"https:\/\/omcemedios.com\/omce\/wp-content\/uploads\/2025\/10\/2505-hero-dhl-ads-Q2-1.webp\" alt=\"\" class=\"wp-image-439\" style=\"width:533px;height:auto\" srcset=\"https:\/\/omcemedios.com\/omce\/wp-content\/uploads\/2025\/10\/2505-hero-dhl-ads-Q2-1.webp 476w, https:\/\/omcemedios.com\/omce\/wp-content\/uploads\/2025\/10\/2505-hero-dhl-ads-Q2-1-300x207.webp 300w\" sizes=\"(max-width: 476px) 100vw, 476px\" \/><\/figure>\n<\/div>\n\n\n<p>En Ecuador, seg\u00fan la Encuesta Nacional de Empleo, Desempleo y Subempleo (ENEMDU), la participaci\u00f3n de mujeres en el sector de transporte y log\u00edstica asciende al 9%.<\/p>\n\n\n\n<p>DHL actualmente cuenta con 5 mujeres conductoras a nivel nacional, reforzando el compromiso de integrar a mujeres al sector de movilidad log\u00edstica sostenible.<\/p>\n\n\n\n<p>En Am\u00e9rica Latina, la participaci\u00f3n de mujeres en el sector de transporte y log\u00edstica sigue siendo baja, con cifras que en algunos pa\u00edses apenas superan el 12% de representaci\u00f3n femenina en \u00e1reas vinculadas a la movilidad seg\u00fan datos del Banco Internacional de Desarrollo (BID). En Ecuador, seg\u00fan la Encuesta Nacional de Empleo, Desempleo y Subempleo (ENEMDU), la participaci\u00f3n de mujeres en el sector de transporte y log\u00edstica asciende al 9%, reflejando los retos que a\u00fan persisten para lograr una inclusi\u00f3n equitativa en un campo altamente masculinizado.<\/p>\n\n\n\n<p>La campa\u00f1a \u201cVoces que transforman la movilidad\u201d, impulsada por el Programa de Naciones Unidas para el Medio Ambiente (PNUMA) y el Fondo Mundial para el Medio Ambiente (GEF), reconoci\u00f3 a DHL como referente en la inclusi\u00f3n femenina en log\u00edstica. De esta iniciativa nace el proyecto E-warmi, que documenta la participaci\u00f3n de mujeres en la movilidad el\u00e9ctrica mediante estudios y an\u00e1lisis acad\u00e9micos. Promoviendo as\u00ed, que m\u00e1s empresas, organizaciones consideren a las mujeres en sus procesos de log\u00edstica y de conducci\u00f3n.<\/p>\n\n\n<div class=\"wp-block-image\">\n<figure class=\"alignright size-full is-resized\"><img decoding=\"async\" width=\"300\" height=\"168\" src=\"https:\/\/omcemedios.com\/omce\/wp-content\/uploads\/2025\/10\/DHL-images-2.jpg\" alt=\"\" class=\"wp-image-438\" style=\"width:374px;height:auto\"\/><\/figure>\n<\/div>\n\n\n<p>\u201cMuchas mujeres hoy enfrentan el desempleo y la informalidad porque no cuentan con los recursos para financiar una licencia de conducci\u00f3n, que es un requisito costoso. Por eso impulsamos un programa de becas que les abre la posibilidad de acceder a este sector. Con esta primera cohorte buscamos no solo su inserci\u00f3n laboral, sino tambi\u00e9n motivar a m\u00e1s empresas y organizaciones a generar nuevas plazas destinadas a mujeres, integr\u00e1ndolas en la cadena log\u00edstica y de conducci\u00f3n. Con la campa\u00f1a Voces que transforman la movilidad queremos visibilizar su talento y derribar las barreras econ\u00f3micas y sociales que hist\u00f3ricamente las han excluido de este \u00e1mbito\u201d, afirm\u00f3 Alexandra Suasnavas, Coordinadora Regional de la Iniciativa de Movilidad El\u00e9ctrica Urbana.<\/p>\n\n\n\n<p>Fomentar la igualdad de g\u00e9nero en log\u00edstica no solo es un compromiso social, sino tambi\u00e9n una apuesta por el talento y la innovaci\u00f3n. \u201cDesde ni\u00f1as, las mujeres enfrentamos estereotipos que nos limitan a ciertas \u00e1reas. Sin embargo, la log\u00edstica ahora nos permite desarrollarnos en igualdad de condiciones. Tenemos las mismas capacidades para romper los sesgos que la sociedad nos impone. En mi experiencia, trabajar en este sector me ha permitido crecer profesional y personalmente\u201d, comparti\u00f3 Diana Urquizo, Supervisora de Operaciones en Quito y Flota Nacional de DHL.<\/p>\n\n\n\n<p>Como parte de sus logros, Women In Operations de DHL ha impulsado el crecimiento profesional de las mujeres en \u00e1reas operativas, conformando hoy un equipo de 5 conductoras que ya forman parte activa de sus operaciones. Actualmente, el 38% del talento de la compa\u00f1\u00eda est\u00e1 integrado por mujeres, y de ellas, el 36% lidera equipos y proyectos estrat\u00e9gicos. Estos resultados demuestran que abrir nuevos espacios para las mujeres no solo rompe barreras, sino que tambi\u00e9n transforma la industria log\u00edstica en un entorno m\u00e1s diverso, competitivo e inclusivo.<\/p>\n\n\n<div class=\"wp-block-image\">\n<figure class=\"alignleft size-full is-resized\"><img loading=\"lazy\" decoding=\"async\" width=\"686\" height=\"383\" src=\"https:\/\/omcemedios.com\/omce\/wp-content\/uploads\/2025\/10\/dhl-otavaloFFJPNG2AHFGVLI6PSBORABVEWY-1.avif\" alt=\"\" class=\"wp-image-435\" style=\"width:446px;height:auto\" srcset=\"https:\/\/omcemedios.com\/omce\/wp-content\/uploads\/2025\/10\/dhl-otavaloFFJPNG2AHFGVLI6PSBORABVEWY-1.avif 686w, https:\/\/omcemedios.com\/omce\/wp-content\/uploads\/2025\/10\/dhl-otavaloFFJPNG2AHFGVLI6PSBORABVEWY-1-300x167.avif 300w\" sizes=\"(max-width: 686px) 100vw, 686px\" \/><\/figure>\n<\/div>\n\n\n<p>DHL EN OTAVALO <\/p>\n\n\n\n<p>DHL es el l\u00edder global en la industria log\u00edstica, ofreciendo un amplio portafolio de servicios que incluye la entrega de paquetes nacionales e internacionales, soluciones de e-commerce, env\u00edos expr\u00e9s, y transporte terrestre, a\u00e9reo y mar\u00edtimo, adem\u00e1s de la gesti\u00f3n de cadenas de suministro industriales. Con cerca de 395,000 empleados en m\u00e1s de 220 pa\u00edses, DHL conecta personas y empresas de manera segura y confiable, promoviendo flujos comerciales sostenibles. La empresa ofrece soluciones especializadas para sectores como tecnolog\u00eda, salud, automotriz y retail. DHL es parte del Grupo DHL, que gener\u00f3 m\u00e1s de 81.8 mil millones de euros en 2023, y tiene el objetivo de lograr cero emisiones netas para 2050, impulsando pr\u00e1cticas sostenibles a nivel global.<\/p>\n\n\n\n<p><br><\/p>\n","protected":false},"excerpt":{"rendered":"<p>Gracias la informaci\u00f3n de Cristina Mosquera de la agencia Nominis ,en Ecuador, solo el 9% de los empleos en transporte y log\u00edstica son ocupados por mujeres, seg\u00fan la ENEMDU, una cifra que refleja los desaf\u00edos de inclusi\u00f3n en un sector tradicionalmente masculinizado. Empresas hoy cuentan con un 38% de su talento total femenino, de las [&hellip;]<\/p>\n","protected":false},"author":1,"featured_media":434,"comment_status":"closed","ping_status":"closed","sticky":false,"template":"","format":"standard","meta":{"footnotes":""},"categories":[3],"tags":[],"class_list":["post-433","post","type-post","status-publish","format-standard","has-post-thumbnail","hentry","category-omcealdia"],"_links":{"self":[{"href":"https:\/\/omcemedios.com\/omce\/wp-json\/wp\/v2\/posts\/433","targetHints":{"allow":["GET"]}}],"collection":[{"href":"https:\/\/omcemedios.com\/omce\/wp-json\/wp\/v2\/posts"}],"about":[{"href":"https:\/\/omcemedios.com\/omce\/wp-json\/wp\/v2\/types\/post"}],"author":[{"embeddable":true,"href":"https:\/\/omcemedios.com\/omce\/wp-json\/wp\/v2\/users\/1"}],"replies":[{"embeddable":true,"href":"https:\/\/omcemedios.com\/omce\/wp-json\/wp\/v2\/comments?post=433"}],"version-history":[{"count":1,"href":"https:\/\/omcemedios.com\/omce\/wp-json\/wp\/v2\/posts\/433\/revisions"}],"predecessor-version":[{"id":440,"href":"https:\/\/omcemedios.com\/omce\/wp-json\/wp\/v2\/posts\/433\/revisions\/440"}],"wp:featuredmedia":[{"embeddable":true,"href":"https:\/\/omcemedios.com\/omce\/wp-json\/wp\/v2\/media\/434"}],"wp:attachment":[{"href":"https:\/\/omcemedios.com\/omce\/wp-json\/wp\/v2\/media?parent=433"}],"wp:term":[{"taxonomy":"category","embeddable":true,"href":"https:\/\/omcemedios.com\/omce\/wp-json\/wp\/v2\/categories?post=433"},{"taxonomy":"post_tag","embeddable":true,"href":"https:\/\/omcemedios.com\/omce\/wp-json\/wp\/v2\/tags?post=433"}],"curies":[{"name":"wp","href":"https:\/\/api.w.org\/{rel}","templated":true}]}}