{"id":428,"date":"2025-10-05T18:38:48","date_gmt":"2025-10-05T18:38:48","guid":{"rendered":"https:\/\/omcemedios.com\/omce\/?p=428"},"modified":"2025-10-05T18:38:50","modified_gmt":"2025-10-05T18:38:50","slug":"presidente-noboa-anuncia-medidas-economicas-y-ratifica-llamado-al-orden","status":"publish","type":"post","link":"https:\/\/omcemedios.com\/omce\/2025\/10\/05\/presidente-noboa-anuncia-medidas-economicas-y-ratifica-llamado-al-orden\/","title":{"rendered":"PRESIDENTE NOBOA ANUNCIA MEDIDAS ECON\u00d3MICAS Y RATIFICA LLAMADO AL ORDEN"},"content":{"rendered":"\n<p>Ecuador enfrenta el d\u00eda 13 del Paro Nacional:<\/p>\n\n\n\n<p><\/p>\n\n\n\n<p>Imbabura, domingo 5 de octubre de 2025.&nbsp; El Paro Nacional en Ecuador cumple hoy trece d\u00edas de duraci\u00f3n, con varias provincias a\u00fan con v\u00edas cerradas, entre ellas Imbabura, sin que hasta el momento se vislumbre una soluci\u00f3n inmediata al conflicto.<\/p>\n\n\n\n<p>En medio de esta compleja situaci\u00f3n social y en el contexto de las movilizaciones convocadas por la Conaie, el presidente Daniel Noboa anunci\u00f3 este domingo 5 de octubre, a trav\u00e9s de su cuenta en la red social X, nuevas medidas econ\u00f3micas orientadas a dinamizar la econom\u00eda nacional.<\/p>\n\n\n\n<figure class=\"wp-block-image size-large\"><img fetchpriority=\"high\" decoding=\"async\" width=\"818\" height=\"1024\" src=\"https:\/\/omcemedios.com\/omce\/wp-content\/uploads\/2025\/10\/estado-de-xpecion-818x1024.jpg\" alt=\"\" class=\"wp-image-429\" srcset=\"https:\/\/omcemedios.com\/omce\/wp-content\/uploads\/2025\/10\/estado-de-xpecion-818x1024.jpg 818w, https:\/\/omcemedios.com\/omce\/wp-content\/uploads\/2025\/10\/estado-de-xpecion-240x300.jpg 240w, https:\/\/omcemedios.com\/omce\/wp-content\/uploads\/2025\/10\/estado-de-xpecion-768x962.jpg 768w, https:\/\/omcemedios.com\/omce\/wp-content\/uploads\/2025\/10\/estado-de-xpecion-1227x1536.jpg 1227w, https:\/\/omcemedios.com\/omce\/wp-content\/uploads\/2025\/10\/estado-de-xpecion.jpg 1280w\" sizes=\"(max-width: 818px) 100vw, 818px\" \/><\/figure>\n\n\n\n<p>Tras la firma del decreto de Estado de Excepci\u00f3n en diez provincias del pa\u00eds, el mandatario comunic\u00f3 dos disposiciones principales:<\/p>\n\n\n\n<figure class=\"wp-block-image size-large\"><img decoding=\"async\" width=\"1024\" height=\"683\" src=\"https:\/\/omcemedios.com\/omce\/wp-content\/uploads\/2025\/10\/daniel-noboa-54293796058_6d7928b004_k-1024x683.webp\" alt=\"\" class=\"wp-image-430\" srcset=\"https:\/\/omcemedios.com\/omce\/wp-content\/uploads\/2025\/10\/daniel-noboa-54293796058_6d7928b004_k-1024x683.webp 1024w, https:\/\/omcemedios.com\/omce\/wp-content\/uploads\/2025\/10\/daniel-noboa-54293796058_6d7928b004_k-300x200.webp 300w, https:\/\/omcemedios.com\/omce\/wp-content\/uploads\/2025\/10\/daniel-noboa-54293796058_6d7928b004_k-768x512.webp 768w, https:\/\/omcemedios.com\/omce\/wp-content\/uploads\/2025\/10\/daniel-noboa-54293796058_6d7928b004_k.webp 1200w\" sizes=\"(max-width: 1024px) 100vw, 1024px\" \/><\/figure>\n\n\n\n<p>Adelanto del d\u00e9cimo tercer sueldo.<\/p>\n\n\n\n<p>El presidente inform\u00f3 que el pago del d\u00e9cimo tercer sueldo ,que por ley se realiza hasta el 24 de diciembre, ser\u00e1 adelantado al 14 de noviembre de 2025, exclusivamente para los trabajadores del sector p\u00fablico.<\/p>\n\n\n\n<p>Esta remuneraci\u00f3n corresponde a la d\u00e9cima segunda parte del total de ingresos percibidos por el empleado entre el 1 de diciembre del a\u00f1o anterior y el 30 de noviembre del a\u00f1o en curso.<\/p>\n\n\n\n<p>Seg\u00fan Noboa, esta medida busca fomentar la econom\u00eda local, permitiendo que las familias dispongan de mayor liquidez durante el Black Friday y el Cyber Monday. Adem\u00e1s, hizo un llamado a la empresa privada para que se sume a esta iniciativa.<\/p>\n\n\n\n<p><strong>Reducci\u00f3n temporal del IVA al 8%.<\/strong><\/p>\n\n\n\n<p>La segunda medida contempla una reducci\u00f3n del Impuesto al Valor Agregado (IVA) del 12% al 8% durante los feriados del 9 de octubre (Independencia de Guayaquil) y 2 y 3 de noviembre (D\u00eda de los Fieles Difuntos e Independencia de Cuenca).<\/p>\n\n\n\n<p>\u201cEste pa\u00eds no se va a paralizar por unos cuantos que perdieron el negocio del contrabando y la miner\u00eda ilegal\u201d, enfatiz\u00f3 el mandatario.<\/p>\n\n\n<div class=\"wp-block-image\">\n<figure class=\"alignleft size-full\"><img decoding=\"async\" width=\"310\" height=\"163\" src=\"https:\/\/omcemedios.com\/omce\/wp-content\/uploads\/2025\/10\/conaie-dert-1.jpg\" alt=\"\" class=\"wp-image-431\" srcset=\"https:\/\/omcemedios.com\/omce\/wp-content\/uploads\/2025\/10\/conaie-dert-1.jpg 310w, https:\/\/omcemedios.com\/omce\/wp-content\/uploads\/2025\/10\/conaie-dert-1-300x158.jpg 300w\" sizes=\"(max-width: 310px) 100vw, 310px\" \/><\/figure>\n<\/div>\n\n\n<p>Respecto a las declaraciones del presidente de la Conaie, Marlon Vargas, quien advirti\u00f3 sobre una posible toma de Quito, el presidente Noboa fue enf\u00e1tico:<\/p>\n\n\n\n<p>\u201cNadie puede venir a tomarse por la fuerza la capital de todos los ecuatorianos. A quienes eligen la violencia, los espera la ley. A quienes act\u00faan como delincuentes, se los tratar\u00e1 como delincuentes\u201d.<\/p>\n\n\n\n<p>Finalmente, el jefe de Estado anunci\u00f3 que este lunes 6 de octubre cumplir\u00e1 agenda en la provincia de Pastaza, donde desarrollar\u00e1 actividades productivas y sociales.<\/p>\n\n\n\n<p>\u201cSeguimos haciendo lo que nos corresponde: estaremos en Pastaza, junto a quienes s\u00ed construyen el pa\u00eds, ayudando a los que m\u00e1s lo necesitan para que produzcan m\u00e1s y salgan adelante\u201d, se\u00f1al\u00f3.<\/p>\n\n\n\n<p><\/p>\n","protected":false},"excerpt":{"rendered":"<p>Ecuador enfrenta el d\u00eda 13 del Paro Nacional: Imbabura, domingo 5 de octubre de 2025.&nbsp; El Paro Nacional en Ecuador cumple hoy trece d\u00edas de duraci\u00f3n, con varias provincias a\u00fan con v\u00edas cerradas, entre ellas Imbabura, sin que hasta el momento se vislumbre una soluci\u00f3n inmediata al conflicto. En medio de esta compleja situaci\u00f3n social [&hellip;]<\/p>\n","protected":false},"author":1,"featured_media":430,"comment_status":"closed","ping_status":"closed","sticky":false,"template":"","format":"standard","meta":{"footnotes":""},"categories":[3],"tags":[],"class_list":["post-428","post","type-post","status-publish","format-standard","has-post-thumbnail","hentry","category-omcealdia"],"_links":{"self":[{"href":"https:\/\/omcemedios.com\/omce\/wp-json\/wp\/v2\/posts\/428","targetHints":{"allow":["GET"]}}],"collection":[{"href":"https:\/\/omcemedios.com\/omce\/wp-json\/wp\/v2\/posts"}],"about":[{"href":"https:\/\/omcemedios.com\/omce\/wp-json\/wp\/v2\/types\/post"}],"author":[{"embeddable":true,"href":"https:\/\/omcemedios.com\/omce\/wp-json\/wp\/v2\/users\/1"}],"replies":[{"embeddable":true,"href":"https:\/\/omcemedios.com\/omce\/wp-json\/wp\/v2\/comments?post=428"}],"version-history":[{"count":1,"href":"https:\/\/omcemedios.com\/omce\/wp-json\/wp\/v2\/posts\/428\/revisions"}],"predecessor-version":[{"id":432,"href":"https:\/\/omcemedios.com\/omce\/wp-json\/wp\/v2\/posts\/428\/revisions\/432"}],"wp:featuredmedia":[{"embeddable":true,"href":"https:\/\/omcemedios.com\/omce\/wp-json\/wp\/v2\/media\/430"}],"wp:attachment":[{"href":"https:\/\/omcemedios.com\/omce\/wp-json\/wp\/v2\/media?parent=428"}],"wp:term":[{"taxonomy":"category","embeddable":true,"href":"https:\/\/omcemedios.com\/omce\/wp-json\/wp\/v2\/categories?post=428"},{"taxonomy":"post_tag","embeddable":true,"href":"https:\/\/omcemedios.com\/omce\/wp-json\/wp\/v2\/tags?post=428"}],"curies":[{"name":"wp","href":"https:\/\/api.w.org\/{rel}","templated":true}]}}