{"id":324,"date":"2025-07-24T22:58:17","date_gmt":"2025-07-24T22:58:17","guid":{"rendered":"https:\/\/omcemedios.com\/omce\/?p=324"},"modified":"2025-07-24T23:03:19","modified_gmt":"2025-07-24T23:03:19","slug":"evaluacion-y-criterio-de-omcemedios-para-la-eleccion-del-nuevo-director-ra-de-la-casa-de-cultura-benjamin-carrion-nucleo-de-imbabura","status":"publish","type":"post","link":"https:\/\/omcemedios.com\/omce\/2025\/07\/24\/evaluacion-y-criterio-de-omcemedios-para-la-eleccion-del-nuevo-director-ra-de-la-casa-de-cultura-benjamin-carrion-nucleo-de-imbabura\/","title":{"rendered":"EVALUACI\u00d3N Y CRITERIO DE OMCEMEDIOS PARA LA ELECCI\u00d3N DEL NUEVO DIRECTOR\/RA DE LA CASA DE CULTURA BENJAM\u00cdN CARRI\u00d3N N\u00daCLEO DE IMBABURA"},"content":{"rendered":"\n<figure class=\"wp-block-image size-full\"><img fetchpriority=\"high\" decoding=\"async\" width=\"650\" height=\"650\" src=\"https:\/\/omcemedios.com\/omce\/wp-content\/uploads\/2025\/06\/CCE-.png\" alt=\"\" class=\"wp-image-239\" srcset=\"https:\/\/omcemedios.com\/omce\/wp-content\/uploads\/2025\/06\/CCE-.png 650w, https:\/\/omcemedios.com\/omce\/wp-content\/uploads\/2025\/06\/CCE--300x300.png 300w, https:\/\/omcemedios.com\/omce\/wp-content\/uploads\/2025\/06\/CCE--150x150.png 150w\" sizes=\"(max-width: 650px) 100vw, 650px\" \/><\/figure>\n\n\n\n<p>Tras la realizaci\u00f3n de las seis entrevistas a los candidatos a la direcci\u00f3n de la Casa de Cultura Benjam\u00edn Carri\u00f3n N\u00facleo de Imbabura, OMCEMEDIOS ha llevado a cabo un an\u00e1lisis exhaustivo de sus propuestas, centrado en sus planes de acci\u00f3n, estrategias de participaci\u00f3n comunitaria, promoci\u00f3n art\u00edstica, uso de tecnolog\u00edas, preservaci\u00f3n cultural, inclusi\u00f3n social, colaboraci\u00f3n institucional, infraestructura y evaluaci\u00f3n de resultados.<\/p>\n\n\n\n<p>Este bolet\u00edn presenta un resumen de los aspectos positivos destacados y el criterio de selecci\u00f3n basado en los principios de gesti\u00f3n cultural participativa, innovadora y sostenible.<\/p>\n\n\n\n<figure class=\"wp-block-image size-full is-resized\"><img decoding=\"async\" width=\"1280\" height=\"960\" src=\"https:\/\/omcemedios.com\/omce\/wp-content\/uploads\/2025\/07\/foto-1.jpeg\" alt=\"\" class=\"wp-image-332\" style=\"width:771px;height:auto\" srcset=\"https:\/\/omcemedios.com\/omce\/wp-content\/uploads\/2025\/07\/foto-1.jpeg 1280w, https:\/\/omcemedios.com\/omce\/wp-content\/uploads\/2025\/07\/foto-1-300x225.jpeg 300w, https:\/\/omcemedios.com\/omce\/wp-content\/uploads\/2025\/07\/foto-1-1024x768.jpeg 1024w, https:\/\/omcemedios.com\/omce\/wp-content\/uploads\/2025\/07\/foto-1-768x576.jpeg 768w\" sizes=\"(max-width: 1280px) 100vw, 1280px\" \/><\/figure>\n\n\n\n<p>Las entrevistas de los candidatos y candidatas a director\/a provincial se desarrollaron en el siguiente orden:<\/p>\n\n\n\n<p>Ruby de las Mercedes Est\u00e9vez \u2013 Lista 1 https:\/\/www.facebook.com\/share\/v\/16fWrhvM7c\/<\/p>\n\n\n\n<p>Jos\u00e9 Heriberto Echeverr\u00eda Almeida \u2013 Lista 2 https:\/\/www.facebook.com\/share\/v\/16kcbG7Ma7\/<\/p>\n\n\n\n<p>Paola Carolina Cabrera Zuleta \u2013 Lista 3 https:\/\/www.facebook.com\/share\/v\/19dtdwgi6d\/<\/p>\n\n\n\n<p>Diana Maritza Ramos Burga \u2013 Lista 4 https:\/\/www.facebook.com\/share\/v\/16hzxrRkWp\/<\/p>\n\n\n\n<p>Luis Alejandro V\u00e1squez Reina \u2013 Lista 5 https:\/\/www.facebook.com\/share\/v\/156J2qxseXm\/<\/p>\n\n\n\n<p>Sergio Xavier Perugachi Ib\u00e1\u00f1ez \u2013 Lista 6 https:\/\/www.facebook.com\/share\/v\/1A6b62dnQR\/<\/p>\n\n\n\n<p>Fueron dos cada d\u00eda.<\/p>\n\n\n<div class=\"wp-block-image\">\n<figure class=\"alignright size-large is-resized\"><img decoding=\"async\" width=\"1024\" height=\"899\" src=\"https:\/\/omcemedios.com\/omce\/wp-content\/uploads\/2025\/07\/foto-2-1024x899.jpeg\" alt=\"\" class=\"wp-image-326\" style=\"width:550px;height:auto\" srcset=\"https:\/\/omcemedios.com\/omce\/wp-content\/uploads\/2025\/07\/foto-2-1024x899.jpeg 1024w, https:\/\/omcemedios.com\/omce\/wp-content\/uploads\/2025\/07\/foto-2-300x263.jpeg 300w, https:\/\/omcemedios.com\/omce\/wp-content\/uploads\/2025\/07\/foto-2-768x674.jpeg 768w, https:\/\/omcemedios.com\/omce\/wp-content\/uploads\/2025\/07\/foto-2-1536x1348.jpeg 1536w, https:\/\/omcemedios.com\/omce\/wp-content\/uploads\/2025\/07\/foto-2.jpeg 1600w\" sizes=\"(max-width: 1024px) 100vw, 1024px\" \/><\/figure>\n<\/div>\n\n\n<p>Valoramos positivamente a aquel candidato o candidata que demuestr\u00f3 un compromiso claro con la promoci\u00f3n de la cultura local, proponiendo estrategias innovadoras y sostenibles, contemplando la participaci\u00f3n activa de la comunidad y los artistas locales. Adem\u00e1s, la incorporaci\u00f3n efectiva de tecnolog\u00edas modernas para ampliar el alcance cultural, la valoraci\u00f3n de las expresiones tradicionales, la inclusi\u00f3n social y la colaboraci\u00f3n interinstitucional ser\u00e1n aspectos determinantes. La capacidad de evaluar y ajustar sus planes, as\u00ed como fortalecer la infraestructura de la Casa de la Cultura, tambi\u00e9n ser\u00e1n considerados criterios fundamentales para una gesti\u00f3n exitosa y transformadora en Imbabura.<\/p>\n\n\n\n<p><\/p>\n\n\n\n<figure class=\"wp-block-image size-large\"><img loading=\"lazy\" decoding=\"async\" width=\"1024\" height=\"884\" src=\"https:\/\/omcemedios.com\/omce\/wp-content\/uploads\/2025\/07\/foto-3-1024x884.jpeg\" alt=\"\" class=\"wp-image-327\" srcset=\"https:\/\/omcemedios.com\/omce\/wp-content\/uploads\/2025\/07\/foto-3-1024x884.jpeg 1024w, https:\/\/omcemedios.com\/omce\/wp-content\/uploads\/2025\/07\/foto-3-300x259.jpeg 300w, https:\/\/omcemedios.com\/omce\/wp-content\/uploads\/2025\/07\/foto-3-768x663.jpeg 768w, https:\/\/omcemedios.com\/omce\/wp-content\/uploads\/2025\/07\/foto-3-1536x1326.jpeg 1536w, https:\/\/omcemedios.com\/omce\/wp-content\/uploads\/2025\/07\/foto-3.jpeg 1600w\" sizes=\"(max-width: 1024px) 100vw, 1024px\" \/><\/figure>\n\n\n\n<p>An\u00e1lisis de las Entrevistas: Los candidatos presentaron propuestas alineadas con las preguntas clave, destac\u00e1ndose algunos enfoques positivos:<\/p>\n\n\n\n<p>Fortalecimiento de la difusi\u00f3n cultural: La mayor\u00eda propone campa\u00f1as de promoci\u00f3n en medios tradicionales y digitales, con \u00e9nfasis en redes sociales y plataformas virtuales, para ampliar el alcance de la cultura imbabure\u00f1a.<\/p>\n\n\n\n<figure class=\"wp-block-image size-large\"><img loading=\"lazy\" decoding=\"async\" width=\"1024\" height=\"903\" src=\"https:\/\/omcemedios.com\/omce\/wp-content\/uploads\/2025\/07\/foto-4-1024x903.jpeg\" alt=\"\" class=\"wp-image-328\" srcset=\"https:\/\/omcemedios.com\/omce\/wp-content\/uploads\/2025\/07\/foto-4-1024x903.jpeg 1024w, https:\/\/omcemedios.com\/omce\/wp-content\/uploads\/2025\/07\/foto-4-300x265.jpeg 300w, https:\/\/omcemedios.com\/omce\/wp-content\/uploads\/2025\/07\/foto-4-768x678.jpeg 768w, https:\/\/omcemedios.com\/omce\/wp-content\/uploads\/2025\/07\/foto-4.jpeg 1283w\" sizes=\"(max-width: 1024px) 100vw, 1024px\" \/><\/figure>\n\n\n\n<p>Participaci\u00f3n comunitaria: Diversos candidatos sugieren la implementaci\u00f3n de talleres participativos, festivales y actividades inclusivas que involucren a diferentes sectores sociales, promoviendo la identidad local.<\/p>\n\n\n\n<p>Apoyo a artistas locales: Se plantea la creaci\u00f3n de fondos de apoyo, espacios de exhibici\u00f3n y programas de formaci\u00f3n para fortalecer la creaci\u00f3n art\u00edstica en la regi\u00f3n.<\/p>\n\n\n\n<p>Uso de nuevas tecnolog\u00edas: La incorporaci\u00f3n de plataformas digitales, aplicaciones m\u00f3viles y recursos multimedia para acercar la cultura a un p\u00fablico m\u00e1s amplio, especialmente j\u00f3venes y comunidades rurales.<\/p>\n\n\n\n<p>Preservaci\u00f3n de expresiones culturales tradicionales: Propuestas para documentar y difundir las manifestaciones culturales ancestrales, as\u00ed como fortalecer los saberes tradicionales mediante talleres y festivales.<\/p>\n\n\n\n<p>Inclusi\u00f3n social y diversidad cultural: La intenci\u00f3n de promover actividades que respeten y valoren las diferentes expresiones culturales, fomentando un ambiente inclusivo y participativo.<\/p>\n\n\n\n<p>Colaboraci\u00f3n institucional: La estrategia de establecer alianzas con instituciones educativas, organizaciones sociales y otros actores culturales para potenciar proyectos conjuntos.<\/p>\n\n\n\n<p>Infraestructura y recursos: La intenci\u00f3n de mejorar los espacios f\u00edsicos y recursos tecnol\u00f3gicos, optimizando la infraestructura para la realizaci\u00f3n de eventos, talleres y exposiciones.<\/p>\n\n\n\n<figure class=\"wp-block-image size-large\"><img loading=\"lazy\" decoding=\"async\" width=\"1024\" height=\"954\" src=\"https:\/\/omcemedios.com\/omce\/wp-content\/uploads\/2025\/07\/foto-5-1024x954.jpeg\" alt=\"\" class=\"wp-image-329\" srcset=\"https:\/\/omcemedios.com\/omce\/wp-content\/uploads\/2025\/07\/foto-5-1024x954.jpeg 1024w, https:\/\/omcemedios.com\/omce\/wp-content\/uploads\/2025\/07\/foto-5-300x280.jpeg 300w, https:\/\/omcemedios.com\/omce\/wp-content\/uploads\/2025\/07\/foto-5-768x716.jpeg 768w, https:\/\/omcemedios.com\/omce\/wp-content\/uploads\/2025\/07\/foto-5.jpeg 1512w\" sizes=\"(max-width: 1024px) 100vw, 1024px\" \/><\/figure>\n\n\n\n<p>Evaluaci\u00f3n y seguimiento: La propuesta de establecer indicadores de gesti\u00f3n, informes peri\u00f3dicos y mesas de di\u00e1logo para garantizar la efectividad de sus planes.<\/p>\n\n\n\n<p>Posicionamiento de la Casa de Cultura: La visi\u00f3n de convertirla en un referente regional y nacional a trav\u00e9s de proyectos innovadores, alianzas estrat\u00e9gicas y una gesti\u00f3n participativa.<\/p>\n\n\n\n<p>Para quien vaya a sufragar recomiendo priorizar a aquel candidato que usted hay visto que demuestra una visi\u00f3n integral, innovaci\u00f3n en el uso de tecnolog\u00edas, compromiso con la cultura local y capacidad de generar impacto social positivo. La selecci\u00f3n deber\u00e1 considerar tambi\u00e9n su capacidad de liderazgo, gesti\u00f3n participativa y sostenibilidad de las propuestas a largo plazo.<\/p>\n\n\n\n<p>Recuerden gestores culturales y miembros de la Casa de la Cultura , seg\u00fan el calendario oficial la campa\u00f1a que inici\u00f3 el &nbsp;mi\u00e9rcoles 16 de julio y se extender\u00e1 hasta el 15 de agosto y que el debate est\u00e1 previsto para el 08 de agosto y las elecciones se desarrollar\u00e1n el s\u00e1bado 16 de agosto, de 08h00 a 17h00, en las instalaciones del Complejo Cultural Pilanqu\u00ed, en la ciudad de Ibarra.<\/p>\n\n\n\n<figure class=\"wp-block-image size-large\"><img loading=\"lazy\" decoding=\"async\" width=\"1024\" height=\"768\" src=\"https:\/\/omcemedios.com\/omce\/wp-content\/uploads\/2025\/07\/foto-6-1024x768.jpeg\" alt=\"\" class=\"wp-image-330\" srcset=\"https:\/\/omcemedios.com\/omce\/wp-content\/uploads\/2025\/07\/foto-6-1024x768.jpeg 1024w, https:\/\/omcemedios.com\/omce\/wp-content\/uploads\/2025\/07\/foto-6-300x225.jpeg 300w, https:\/\/omcemedios.com\/omce\/wp-content\/uploads\/2025\/07\/foto-6-768x576.jpeg 768w, https:\/\/omcemedios.com\/omce\/wp-content\/uploads\/2025\/07\/foto-6-1536x1152.jpeg 1536w, https:\/\/omcemedios.com\/omce\/wp-content\/uploads\/2025\/07\/foto-6-2048x1536.jpeg 2048w\" sizes=\"(max-width: 1024px) 100vw, 1024px\" \/><\/figure>\n\n\n\n<p>Como gerente de&nbsp; OMCEMEDIOS, periodista y comunicador social, miembro del RUAC reafirmo mi compromiso de apoyar procesos transparentes y participativos, cumpl\u00ed la expectativa de ofrecer estos espacios para conocer los planes de acci\u00f3n y &nbsp;luego de los planteamientos saber que hemos promovido la elecci\u00f3n de un director &nbsp;o directora &nbsp;que impulse la cultura en Imbabura, fortaleciendo su identidad y enriqueciendo su patrimonio cultural para las futuras generaciones.<\/p>\n","protected":false},"excerpt":{"rendered":"<p>Tras la realizaci\u00f3n de las seis entrevistas a los candidatos a la direcci\u00f3n de la Casa de Cultura Benjam\u00edn Carri\u00f3n N\u00facleo de Imbabura, OMCEMEDIOS ha llevado a cabo un an\u00e1lisis exhaustivo de sus propuestas, centrado en sus planes de acci\u00f3n, estrategias de participaci\u00f3n comunitaria, promoci\u00f3n art\u00edstica, uso de tecnolog\u00edas, preservaci\u00f3n cultural, inclusi\u00f3n social, colaboraci\u00f3n institucional, [&hellip;]<\/p>\n","protected":false},"author":1,"featured_media":239,"comment_status":"closed","ping_status":"closed","sticky":false,"template":"","format":"standard","meta":{"footnotes":""},"categories":[4],"tags":[],"class_list":["post-324","post","type-post","status-publish","format-standard","has-post-thumbnail","hentry","category-tradicion-y-cultura"],"_links":{"self":[{"href":"https:\/\/omcemedios.com\/omce\/wp-json\/wp\/v2\/posts\/324","targetHints":{"allow":["GET"]}}],"collection":[{"href":"https:\/\/omcemedios.com\/omce\/wp-json\/wp\/v2\/posts"}],"about":[{"href":"https:\/\/omcemedios.com\/omce\/wp-json\/wp\/v2\/types\/post"}],"author":[{"embeddable":true,"href":"https:\/\/omcemedios.com\/omce\/wp-json\/wp\/v2\/users\/1"}],"replies":[{"embeddable":true,"href":"https:\/\/omcemedios.com\/omce\/wp-json\/wp\/v2\/comments?post=324"}],"version-history":[{"count":2,"href":"https:\/\/omcemedios.com\/omce\/wp-json\/wp\/v2\/posts\/324\/revisions"}],"predecessor-version":[{"id":333,"href":"https:\/\/omcemedios.com\/omce\/wp-json\/wp\/v2\/posts\/324\/revisions\/333"}],"wp:featuredmedia":[{"embeddable":true,"href":"https:\/\/omcemedios.com\/omce\/wp-json\/wp\/v2\/media\/239"}],"wp:attachment":[{"href":"https:\/\/omcemedios.com\/omce\/wp-json\/wp\/v2\/media?parent=324"}],"wp:term":[{"taxonomy":"category","embeddable":true,"href":"https:\/\/omcemedios.com\/omce\/wp-json\/wp\/v2\/categories?post=324"},{"taxonomy":"post_tag","embeddable":true,"href":"https:\/\/omcemedios.com\/omce\/wp-json\/wp\/v2\/tags?post=324"}],"curies":[{"name":"wp","href":"https:\/\/api.w.org\/{rel}","templated":true}]}}