{"id":295,"date":"2025-07-12T16:41:14","date_gmt":"2025-07-12T16:41:14","guid":{"rendered":"https:\/\/omcemedios.com\/omce\/?p=295"},"modified":"2025-07-12T17:14:03","modified_gmt":"2025-07-12T17:14:03","slug":"concejal-angel-hinojosa-rinde-cuentas-del-ano-2024-con-enfasis-en-transparencia-desarrollo-y-participacion-ciudadana","status":"publish","type":"post","link":"https:\/\/omcemedios.com\/omce\/2025\/07\/12\/concejal-angel-hinojosa-rinde-cuentas-del-ano-2024-con-enfasis-en-transparencia-desarrollo-y-participacion-ciudadana\/","title":{"rendered":"CONCEJAL \u00c1NGEL HINOJOSA RINDE CUENTAS DEL A\u00d1O 2024 ,CON \u00c9NFASIS EN TRANSPARENCIA, DESARROLLO Y PARTICIPACI\u00d3N CIUDADANA"},"content":{"rendered":"\n<p>En un acto solemne realizado en el sal\u00f3n m\u00e1ximo de la ciudad, el Licenciado \u00c1ngel Hinojosa, junto a los concejales Lilibeth Ayala, Germ\u00e1n Arias y Jorge de la Torre, present\u00f3 la Rendici\u00f3n de Cuentas correspondiente al a\u00f1o 2024 ante la ciudadan\u00eda, autoridades y sectores sociales.<\/p>\n\n\n\n<figure class=\"wp-block-image size-large\"><img fetchpriority=\"high\" decoding=\"async\" width=\"1024\" height=\"768\" src=\"https:\/\/omcemedios.com\/omce\/wp-content\/uploads\/2025\/07\/WhatsApp-Image-2025-07-11-at-22.56.48-4-1024x768.jpeg\" alt=\"\" class=\"wp-image-296\" srcset=\"https:\/\/omcemedios.com\/omce\/wp-content\/uploads\/2025\/07\/WhatsApp-Image-2025-07-11-at-22.56.48-4-1024x768.jpeg 1024w, https:\/\/omcemedios.com\/omce\/wp-content\/uploads\/2025\/07\/WhatsApp-Image-2025-07-11-at-22.56.48-4-300x225.jpeg 300w, https:\/\/omcemedios.com\/omce\/wp-content\/uploads\/2025\/07\/WhatsApp-Image-2025-07-11-at-22.56.48-4-768x576.jpeg 768w, https:\/\/omcemedios.com\/omce\/wp-content\/uploads\/2025\/07\/WhatsApp-Image-2025-07-11-at-22.56.48-4-1536x1152.jpeg 1536w, https:\/\/omcemedios.com\/omce\/wp-content\/uploads\/2025\/07\/WhatsApp-Image-2025-07-11-at-22.56.48-4.jpeg 1600w\" sizes=\"(max-width: 1024px) 100vw, 1024px\" \/><\/figure>\n\n\n\n<p>La alcaldesa Anabel Hermosa acompa\u00f1\u00f3 este importante evento, que reafirma el compromiso del gobierno local con la transparencia, la participaci\u00f3n ciudadana y el desarrollo integral del cant\u00f3n.<\/p>\n\n\n\n<p>Durante su intervenci\u00f3n, el Licenciado \u00c1ngel Hinojosa destac\u00f3 que rendir cuentas no solo es un ejercicio de transparencia, sino una oportunidad para fortalecer la confianza entre el gobierno y la comunidad. \u201cCuando estamos informados, podemos contribuir con ideas, hacer propuestas y exigir responsables, generando un c\u00edrculo virtuoso de colaboraci\u00f3n y mejora continua\u201d, afirm\u00f3.<\/p>\n\n\n\n<p>El plan de trabajo por \u00e9l presentado al Consejo Nacional Electoral (CNE) para el 2024, se centr\u00f3 en fortalecer la participaci\u00f3n y gobernanza local, reactivar la econom\u00eda mediante estrategias inclusivas en la econom\u00eda popular y solidaria, y avanzar en el ordenamiento territorial y la interculturalidad. Estas acciones buscan consolidar procesos inclusivos y sostenibles en el cant\u00f3n Otavalo, bajo este marco rindi\u00f3 cuentas;<\/p>\n\n\n\n<figure class=\"wp-block-image size-large\"><img decoding=\"async\" width=\"1024\" height=\"768\" src=\"https:\/\/omcemedios.com\/omce\/wp-content\/uploads\/2025\/07\/WhatsApp-Image-2025-07-11-at-22.56.48-1-1024x768.jpeg\" alt=\"\" class=\"wp-image-297\" srcset=\"https:\/\/omcemedios.com\/omce\/wp-content\/uploads\/2025\/07\/WhatsApp-Image-2025-07-11-at-22.56.48-1-1024x768.jpeg 1024w, https:\/\/omcemedios.com\/omce\/wp-content\/uploads\/2025\/07\/WhatsApp-Image-2025-07-11-at-22.56.48-1-300x225.jpeg 300w, https:\/\/omcemedios.com\/omce\/wp-content\/uploads\/2025\/07\/WhatsApp-Image-2025-07-11-at-22.56.48-1-768x576.jpeg 768w, https:\/\/omcemedios.com\/omce\/wp-content\/uploads\/2025\/07\/WhatsApp-Image-2025-07-11-at-22.56.48-1-1536x1152.jpeg 1536w, https:\/\/omcemedios.com\/omce\/wp-content\/uploads\/2025\/07\/WhatsApp-Image-2025-07-11-at-22.56.48-1.jpeg 1600w\" sizes=\"(max-width: 1024px) 100vw, 1024px\" \/><\/figure>\n\n\n\n<p><strong>Participaci\u00f3n del Cuerpo Edilicio en 2024<\/strong><\/p>\n\n\n\n<p>El Concejo Municipal realiz\u00f3 un total de 50 sesiones, incluyendo ordinarias, extraordinarias y conmemorativas, demostrando un compromiso activo con la gesti\u00f3n p\u00fablica. Se emitieron 106 resoluciones que reflejan esfuerzos por promover el desarrollo y la transparencia en la administraci\u00f3n.<\/p>\n\n\n\n<p><strong>Normativas y avances legislativos<\/strong><\/p>\n\n\n\n<p>Durante el a\u00f1o, se aprobaron seis ordenanzas cantonales, abordando temas clave como la gesti\u00f3n tributaria, protecci\u00f3n de derechos y planificaci\u00f3n territorial, destacando:<\/p>\n\n\n\n<p>Remisi\u00f3n de intereses, multas y recargos tributarios.<\/p>\n\n\n\n<p>Sistema Cantonal de Protecci\u00f3n Integral de Derechos.<\/p>\n\n\n\n<p>Actualizaci\u00f3n del Plan de Desarrollo y Ordenamiento Territorial.<\/p>\n\n\n\n<p>Reformas presupuestarias para 2024 y 2025.<\/p>\n\n\n\n<p>Estos instrumentos normativos fortalecen la institucionalidad y promueven un desarrollo arm\u00f3nico en Otavalo.<\/p>\n\n\n<div class=\"wp-block-image\">\n<figure class=\"alignleft size-large is-resized\"><img decoding=\"async\" width=\"768\" height=\"1024\" src=\"https:\/\/omcemedios.com\/omce\/wp-content\/uploads\/2025\/07\/WhatsApp-Image-2025-07-12-at-11.28.59-2-768x1024.jpeg\" alt=\"\" class=\"wp-image-298\" style=\"width:150px;height:auto\" srcset=\"https:\/\/omcemedios.com\/omce\/wp-content\/uploads\/2025\/07\/WhatsApp-Image-2025-07-12-at-11.28.59-2-768x1024.jpeg 768w, https:\/\/omcemedios.com\/omce\/wp-content\/uploads\/2025\/07\/WhatsApp-Image-2025-07-12-at-11.28.59-2-225x300.jpeg 225w, https:\/\/omcemedios.com\/omce\/wp-content\/uploads\/2025\/07\/WhatsApp-Image-2025-07-12-at-11.28.59-2-1152x1536.jpeg 1152w, https:\/\/omcemedios.com\/omce\/wp-content\/uploads\/2025\/07\/WhatsApp-Image-2025-07-12-at-11.28.59-2.jpeg 1200w\" sizes=\"(max-width: 768px) 100vw, 768px\" \/><\/figure>\n<\/div>\n\n\n<p><strong>Proyectos en tr\u00e1mite y reformas<\/strong><\/p>\n\n\n\n<p>Entre los proyectos en revisi\u00f3n, destaca la derogatoria de una ordenanza relacionada con el servicio de transporte comercial y una propuesta de reforma a la organizaci\u00f3n del Concejo Municipal, que buscan optimizar la gesti\u00f3n y la participaci\u00f3n ciudadana.<\/p>\n\n\n\n<p>Ordenanza Reformatoria para la Actualizaci\u00f3n del Plan de Desarrollo y Ordenamiento Territorial y del Plan Wankurina<\/p>\n\n\n\n<p>Reformatoria a la Ordenanza que Contiene la Proforma Presupuestaria 2024<\/p>\n\n\n\n<p>Segunda Reforma al Presupuesto del Ejercicio Econ\u00f3mico 2024<\/p>\n\n\n\n<p>Proforma Presupuestaria del Ejercicio Econ\u00f3mico 2025<\/p>\n\n\n\n<p>\u201cEstas normativas responden a necesidades espec\u00edficas del cant\u00f3n, en \u00e1mbitos como gesti\u00f3n tributaria, planificaci\u00f3n, asignaci\u00f3n presupuestaria y protecci\u00f3n de derechos, constituy\u00e9ndose en herramientas fundamentales para el fortalecimiento institucional y el desarrollo arm\u00f3nico del territorio. Este trabajo realizado en conjunto refleja nuestro compromiso con el desarrollo integral de Otavalo y con los anhelos de nuestras comunidades\u201d. Expreso<\/p>\n\n\n\n<p>Adema dijo \u201chemos logrado normativas que transforman la vida cotidiana de nuestras familias y que proyectan un futuro prometedor. En este mi rendici\u00f3n de cuentas es necesario informar que present\u00e9 el proyecto de ordenanza derogatoria de la \u201cOrdenanza para la Regularizaci\u00f3n y Calificaci\u00f3n Individual de los Aspirantes al Servicio de Transporte Comercial y sus Reformas\u201d, en cumplimiento de los procedimientos establecidos. Al haberse verificado el cumplimiento de todos los requisitos formales, conforme lo estipulado, solicit\u00e9 la emisi\u00f3n de los informes t\u00e9cnicos respectivos, actualmente, dicho proyecto se encuentra en proceso de an\u00e1lisis y revisi\u00f3n por parte de la Comisi\u00f3n de Movilidad<\/p>\n\n\n\n<p>Remit\u00ed la propuesta de reforma a la ordenanza sustitutiva que reglamenta la organizaci\u00f3n y funcionamiento del Concejo Municipal y de las Comisiones del Gobierno Aut\u00f3nomo Descentralizado Municipal del Cant\u00f3n Otavalo.<\/p>\n\n\n\n<p>\u201cActualmente, nos encontramos a la espera del texto final consolidado, resultado de dichos espacios de an\u00e1lisis y debate, con el fin de que pueda ser derivado formalmente a la comisi\u00f3n pertinente para su tratamiento, discusi\u00f3n y posterior resoluci\u00f3n conforme al procedimiento legislativo interno\u201d dijo .<\/p>\n\n\n\n<figure class=\"wp-block-image size-large\"><img loading=\"lazy\" decoding=\"async\" width=\"1024\" height=\"768\" src=\"https:\/\/omcemedios.com\/omce\/wp-content\/uploads\/2025\/07\/WhatsApp-Image-2025-07-11-at-22.56.48-2-1024x768.jpeg\" alt=\"\" class=\"wp-image-299\" srcset=\"https:\/\/omcemedios.com\/omce\/wp-content\/uploads\/2025\/07\/WhatsApp-Image-2025-07-11-at-22.56.48-2-1024x768.jpeg 1024w, https:\/\/omcemedios.com\/omce\/wp-content\/uploads\/2025\/07\/WhatsApp-Image-2025-07-11-at-22.56.48-2-300x225.jpeg 300w, https:\/\/omcemedios.com\/omce\/wp-content\/uploads\/2025\/07\/WhatsApp-Image-2025-07-11-at-22.56.48-2-768x576.jpeg 768w, https:\/\/omcemedios.com\/omce\/wp-content\/uploads\/2025\/07\/WhatsApp-Image-2025-07-11-at-22.56.48-2-1536x1152.jpeg 1536w, https:\/\/omcemedios.com\/omce\/wp-content\/uploads\/2025\/07\/WhatsApp-Image-2025-07-11-at-22.56.48-2.jpeg 1600w\" sizes=\"(max-width: 1024px) 100vw, 1024px\" \/><\/figure>\n\n\n\n<p><strong>Participaci\u00f3n en comisiones permanentes<\/strong><\/p>\n\n\n\n<p>El Concejal Hinojosa particip\u00f3 activamente en diversas comisiones, contribuyendo en temas de igualdad, medio ambiente, ordenaci\u00f3n territorial, movilidad y seguridad ciudadana, evidenciando un liderazgo comprometido con el bienestar colectivo.<\/p>\n\n\n\n<p>Comisi\u00f3n de Igualdad y G\u00e9nero: Miembro vocal de esta comisi\u00f3n, en la cual se han efectuado 13 convocatorias a sesiones. En este espacio se ha dado tratamiento a importantes proyectos normativos, entre los que destacan<\/p>\n\n\n\n<p>El proyecto de Ordenanza Sustitutiva que regula el funcionamiento del Sistema Cantonal de Protecci\u00f3n Integral de Derechos del Cant\u00f3n Otavalo.<\/p>\n\n\n\n<p>El proyecto de Ordenanza para la Promoci\u00f3n y Difusi\u00f3n de los Derechos Humanos de las Personas en Condici\u00f3n de Movilidad Humana en el Cant\u00f3n Otavalo.<\/p>\n\n\n\n<p>El proyecto de Ordenanza para Prevenir y Erradicar la Violencia de G\u00e9nero en el Cant\u00f3n Otavalo.<\/p>\n\n\n\n<p>Comisi\u00f3n de Ambiente y Biodiversidad: Miembro vocal de esta comisi\u00f3n, durante el per\u00edodo se\u00f1alado no se han registrado sesiones convocadas.<\/p>\n\n\n\n<p>Comisi\u00f3n de Ordenaci\u00f3n Territorial: Ha asistido de manera voluntaria a varias sesiones, participando como oyente en los debates relacionados con el proyecto de Ordenanza del Plan Pluricultural de Uso y Gesti\u00f3n del Suelo del Cant\u00f3n Otavalo. La presencia se registra en las sesiones n\u00famero 6, 8, 9 y 15, demostrando inter\u00e9s y compromiso con temas de planificaci\u00f3n territorial.<\/p>\n\n\n\n<p>Comisi\u00f3n de Movilidad: En calidad de presidente de esta comisi\u00f3n, el Lic. Hinojosa ha liderado cuatro sesiones, en las que se ha abordado, entre otros temas, el an\u00e1lisis de la solicitud de habilitaci\u00f3n de cupo en la operadora de taxis convencional Mario Carillo, presentada por la Sra. Mar\u00eda Isabel Esparza.<\/p>\n\n\n\n<p>Comisi\u00f3n de Seguridad y Convivencia Ciudadana: Ante la excusa presentada por el Dr. Alberto Morales, el Lic. Hinojosa asumi\u00f3 la presidencia de esta comisi\u00f3n. Posteriormente, y conforme a la Resoluci\u00f3n No. 145 del Concejo Municipal, de fecha 19 de septiembre de 2024, la presidencia fue devuelta al Dr. Morales.<\/p>\n\n\n\n<p>Todo esto ha sido posible gracias a la visi\u00f3n compartida y la planificaci\u00f3n estrat\u00e9gica que hemos desarrollado en conjunto. Pero tambi\u00e9n ha sido posible gracias a la participaci\u00f3n activa de ustedes, la ciudadan\u00eda. Sus ideas, sus demandas y su compromiso son la gasolina que impulsa nuestro trabajo diario. Acot\u00f3&nbsp;<\/p>\n\n\n\n<figure class=\"wp-block-image size-large\"><img loading=\"lazy\" decoding=\"async\" width=\"1024\" height=\"732\" src=\"https:\/\/omcemedios.com\/omce\/wp-content\/uploads\/2025\/07\/YAMOR-FOTO-2024-1024x732.jpg\" alt=\"\" class=\"wp-image-311\" srcset=\"https:\/\/omcemedios.com\/omce\/wp-content\/uploads\/2025\/07\/YAMOR-FOTO-2024-1024x732.jpg 1024w, https:\/\/omcemedios.com\/omce\/wp-content\/uploads\/2025\/07\/YAMOR-FOTO-2024-300x214.jpg 300w, https:\/\/omcemedios.com\/omce\/wp-content\/uploads\/2025\/07\/YAMOR-FOTO-2024-768x549.jpg 768w, https:\/\/omcemedios.com\/omce\/wp-content\/uploads\/2025\/07\/YAMOR-FOTO-2024-1536x1097.jpg 1536w, https:\/\/omcemedios.com\/omce\/wp-content\/uploads\/2025\/07\/YAMOR-FOTO-2024.jpg 2048w\" sizes=\"(max-width: 1024px) 100vw, 1024px\" \/><figcaption class=\"wp-element-caption\">default<\/figcaption><\/figure>\n\n\n\n<p><strong>Fiestas del Yamor 2024: un \u00e9xito cultural y tur\u00edstico<\/strong><\/p>\n\n\n\n<p>El 2024 fue un a\u00f1o de celebraci\u00f3n y proyecci\u00f3n internacional para Otavalo, con la organizaci\u00f3n de las tradicionales Fiestas del Yamor, bajo la direcci\u00f3n del propio Licenciado Hinojosa. Desde el 30 de agosto hasta el 18 de septiembre, se realizaron eventos culturales, deportivos y tur\u00edsticos que atrajeron a m\u00e1s de 150,000 visitantes y dinamizaron la econom\u00eda local en m\u00e1s de 2 millones de d\u00f3lares.<\/p>\n\n\n\n<p>Destacan la Noche del Yamor Internacional, el Festival Art\u00edstico en Homenaje a Las Mar\u00edas, la Noche Andina y la Traves\u00eda Natatoria al Lago San Pablo, que consolidan a Otavalo como un referente cultural y tur\u00edstico mundial.<\/p>\n\n\n\n<figure class=\"wp-block-image size-full\"><img loading=\"lazy\" decoding=\"async\" width=\"960\" height=\"540\" src=\"https:\/\/omcemedios.com\/omce\/wp-content\/uploads\/2025\/07\/YAMOR-2024-FOTO.jpg\" alt=\"\" class=\"wp-image-312\" srcset=\"https:\/\/omcemedios.com\/omce\/wp-content\/uploads\/2025\/07\/YAMOR-2024-FOTO.jpg 960w, https:\/\/omcemedios.com\/omce\/wp-content\/uploads\/2025\/07\/YAMOR-2024-FOTO-300x169.jpg 300w, https:\/\/omcemedios.com\/omce\/wp-content\/uploads\/2025\/07\/YAMOR-2024-FOTO-768x432.jpg 768w\" sizes=\"(max-width: 960px) 100vw, 960px\" \/><\/figure>\n\n\n\n<p><strong>Compromiso con el futuro<\/strong><\/p>\n\n\n\n<p>Expres\u00f3 su visi\u00f3n de seguir proyectando a Otavalo como un destino de historia, cultura y oportunidades: \u201cNuestro prop\u00f3sito es que Otavalo siga brillando, que nuestras ni\u00f1as, ni\u00f1os y j\u00f3venes tengan espacios para crecer y desarrollarse, y que cada familia viva en seguridad y orgullo en esta tierra que es s\u00edmbolo de interculturalidad y progreso\u201d.<\/p>\n\n\n\n<figure class=\"wp-block-image size-large\"><img loading=\"lazy\" decoding=\"async\" width=\"1024\" height=\"1024\" src=\"https:\/\/omcemedios.com\/omce\/wp-content\/uploads\/2025\/07\/FOTO-1-1024x1024.jpg\" alt=\"\" class=\"wp-image-300\" srcset=\"https:\/\/omcemedios.com\/omce\/wp-content\/uploads\/2025\/07\/FOTO-1-1024x1024.jpg 1024w, https:\/\/omcemedios.com\/omce\/wp-content\/uploads\/2025\/07\/FOTO-1-300x300.jpg 300w, https:\/\/omcemedios.com\/omce\/wp-content\/uploads\/2025\/07\/FOTO-1-150x150.jpg 150w, https:\/\/omcemedios.com\/omce\/wp-content\/uploads\/2025\/07\/FOTO-1-768x768.jpg 768w, https:\/\/omcemedios.com\/omce\/wp-content\/uploads\/2025\/07\/FOTO-1.jpg 1080w\" sizes=\"(max-width: 1024px) 100vw, 1024px\" \/><\/figure>\n\n\n\n<p>Agradecio a toda la ciudadan\u00eda, instituciones y sectores sociales por su confianza y colaboraci\u00f3n. Juntos, seguimos construyendo un Otavalo m\u00e1s justo, pr\u00f3spero y lleno de esperanza.<\/p>\n\n\n\n<p>\u00a1Seguimos avanzando, porque juntos construimos el futuro de Otavalo! Dijo<\/p>\n\n\n\n<p><\/p>\n\n\n\n<p>Para mayor informaci\u00f3n, en la web institucional del GAD de Otavalo<\/p>\n\n\n\n<p><\/p>\n","protected":false},"excerpt":{"rendered":"<p>En un acto solemne realizado en el sal\u00f3n m\u00e1ximo de la ciudad, el Licenciado \u00c1ngel Hinojosa, junto a los concejales Lilibeth Ayala, Germ\u00e1n Arias y Jorge de la Torre, present\u00f3 la Rendici\u00f3n de Cuentas correspondiente al a\u00f1o 2024 ante la ciudadan\u00eda, autoridades y sectores sociales. La alcaldesa Anabel Hermosa acompa\u00f1\u00f3 este importante evento, que reafirma [&hellip;]<\/p>\n","protected":false},"author":1,"featured_media":299,"comment_status":"closed","ping_status":"closed","sticky":false,"template":"","format":"standard","meta":{"footnotes":""},"categories":[3],"tags":[],"class_list":["post-295","post","type-post","status-publish","format-standard","has-post-thumbnail","hentry","category-omcealdia"],"_links":{"self":[{"href":"https:\/\/omcemedios.com\/omce\/wp-json\/wp\/v2\/posts\/295","targetHints":{"allow":["GET"]}}],"collection":[{"href":"https:\/\/omcemedios.com\/omce\/wp-json\/wp\/v2\/posts"}],"about":[{"href":"https:\/\/omcemedios.com\/omce\/wp-json\/wp\/v2\/types\/post"}],"author":[{"embeddable":true,"href":"https:\/\/omcemedios.com\/omce\/wp-json\/wp\/v2\/users\/1"}],"replies":[{"embeddable":true,"href":"https:\/\/omcemedios.com\/omce\/wp-json\/wp\/v2\/comments?post=295"}],"version-history":[{"count":2,"href":"https:\/\/omcemedios.com\/omce\/wp-json\/wp\/v2\/posts\/295\/revisions"}],"predecessor-version":[{"id":313,"href":"https:\/\/omcemedios.com\/omce\/wp-json\/wp\/v2\/posts\/295\/revisions\/313"}],"wp:featuredmedia":[{"embeddable":true,"href":"https:\/\/omcemedios.com\/omce\/wp-json\/wp\/v2\/media\/299"}],"wp:attachment":[{"href":"https:\/\/omcemedios.com\/omce\/wp-json\/wp\/v2\/media?parent=295"}],"wp:term":[{"taxonomy":"category","embeddable":true,"href":"https:\/\/omcemedios.com\/omce\/wp-json\/wp\/v2\/categories?post=295"},{"taxonomy":"post_tag","embeddable":true,"href":"https:\/\/omcemedios.com\/omce\/wp-json\/wp\/v2\/tags?post=295"}],"curies":[{"name":"wp","href":"https:\/\/api.w.org\/{rel}","templated":true}]}}