{"id":229,"date":"2025-06-18T16:10:09","date_gmt":"2025-06-18T16:10:09","guid":{"rendered":"https:\/\/omcemedios.com\/omce\/?p=229"},"modified":"2025-06-18T16:12:27","modified_gmt":"2025-06-18T16:12:27","slug":"la-importancia-de-una-eleccion-consciente-en-la-direccion-de-la-casa-de-la-cultura-benjamin-carrion-en-ecuador-y-sus-24-nucleos-principalmente-en-imbabura","status":"publish","type":"post","link":"https:\/\/omcemedios.com\/omce\/2025\/06\/18\/la-importancia-de-una-eleccion-consciente-en-la-direccion-de-la-casa-de-la-cultura-benjamin-carrion-en-ecuador-y-sus-24-nucleos-principalmente-en-imbabura\/","title":{"rendered":"LA IMPORTANCIA DE UNA ELECCI\u00d3N CONSCIENTE EN LA DIRECCI\u00d3N DE LA CASA DE LA CULTURA \u201cBENJAMIN CARRI\u00d3N\u201d EN ECUADOR Y SUS 24 N\u00daCLEOS, PRINCIPALMENTE EN IMBABURA"},"content":{"rendered":"\n<p>La Casa de la Cultura y sus n\u00facleos en las provincias son espacios vitales para el desarrollo art\u00edstico y cultural de las comunidades. Son plataformas que fomentan el talento local, preservan las manifestaciones tradicionales y promueven la participaci\u00f3n ciudadana en la vida cultural del pa\u00eds. Por ello, la selecci\u00f3n de quienes los dirigen debe hacerse con criterio, compromiso y visi\u00f3n a largo plazo.<\/p>\n\n\n\n<p>La Comisi\u00f3n Electoral provincial de Imbabura, en el proceso de elecciones y de conformidad a lo establecido en el Art. 3 del Reglamento para la Elecci\u00f3n de presidenta o presidente de la Sede Nacional y directorios provinciales de la Casa de la Cultura Ecuatoriana \u201cBenjam\u00edn Cami\u00f3n\u201d y su calendario, procede con la Publicaci\u00f3n y Notificaci\u00f3n de las 7 Listas Inscritas para el directorio provincial de la CCE, N\u00facleo de Imbabura, que fueron registradas del 9 al 16 de junio del 2025<\/p>\n\n\n\n<figure class=\"wp-block-image size-large\"><img fetchpriority=\"high\" decoding=\"async\" width=\"1024\" height=\"754\" src=\"https:\/\/omcemedios.com\/omce\/wp-content\/uploads\/2025\/06\/LISTA-1-SOMOS-CULTURAjpg-2-1024x754.jpg\" alt=\"\" class=\"wp-image-232\" srcset=\"https:\/\/omcemedios.com\/omce\/wp-content\/uploads\/2025\/06\/LISTA-1-SOMOS-CULTURAjpg-2-1024x754.jpg 1024w, https:\/\/omcemedios.com\/omce\/wp-content\/uploads\/2025\/06\/LISTA-1-SOMOS-CULTURAjpg-2-300x221.jpg 300w, https:\/\/omcemedios.com\/omce\/wp-content\/uploads\/2025\/06\/LISTA-1-SOMOS-CULTURAjpg-2-768x565.jpg 768w, https:\/\/omcemedios.com\/omce\/wp-content\/uploads\/2025\/06\/LISTA-1-SOMOS-CULTURAjpg-2-1536x1130.jpg 1536w, https:\/\/omcemedios.com\/omce\/wp-content\/uploads\/2025\/06\/LISTA-1-SOMOS-CULTURAjpg-2.jpg 2048w\" sizes=\"(max-width: 1024px) 100vw, 1024px\" \/><\/figure>\n\n\n\n<p>LISTA UNO: SOMOS CULTURA<\/p>\n\n\n\n<p>CANDIDATO\/A LA DIRECCI\u00d3N<\/p>\n\n\n\n<p>Ruby de las Mercedes Est\u00e9vez<\/p>\n\n\n\n<p>CANDIDATOS A VOCALES PRINCIPALES<\/p>\n\n\n\n<p>Walter Giovanny L\u00f3pez Endara- Diana Yolanda Barahona Pinto<\/p>\n\n\n\n<p>CANDIDATOS A VOCALES SUPLENTES<\/p>\n\n\n\n<p>Maria Jenyffer J\u00e1tiva Burbano &#8211; Mario Ramiro Meneses J\u00e1tiva<\/p>\n\n\n\n<figure class=\"wp-block-image size-large\"><img decoding=\"async\" width=\"1024\" height=\"714\" src=\"https:\/\/omcemedios.com\/omce\/wp-content\/uploads\/2025\/06\/LISTA-2-UNIDOS-POR-LA-CULTURA-1024x714.jpg\" alt=\"\" class=\"wp-image-233\" srcset=\"https:\/\/omcemedios.com\/omce\/wp-content\/uploads\/2025\/06\/LISTA-2-UNIDOS-POR-LA-CULTURA-1024x714.jpg 1024w, https:\/\/omcemedios.com\/omce\/wp-content\/uploads\/2025\/06\/LISTA-2-UNIDOS-POR-LA-CULTURA-300x209.jpg 300w, https:\/\/omcemedios.com\/omce\/wp-content\/uploads\/2025\/06\/LISTA-2-UNIDOS-POR-LA-CULTURA-768x536.jpg 768w, https:\/\/omcemedios.com\/omce\/wp-content\/uploads\/2025\/06\/LISTA-2-UNIDOS-POR-LA-CULTURA-1536x1071.jpg 1536w, https:\/\/omcemedios.com\/omce\/wp-content\/uploads\/2025\/06\/LISTA-2-UNIDOS-POR-LA-CULTURA.jpg 2048w\" sizes=\"(max-width: 1024px) 100vw, 1024px\" \/><\/figure>\n\n\n\n<p>L1STA DOS: UNIDOSPORLACULTURA<\/p>\n\n\n\n<p>CANDIDATO\/A LA DIRECCI\u00d3N<\/p>\n\n\n\n<p>Jos\u00e9 Heriberto Echeverr\u00eda Almeida<\/p>\n\n\n\n<p>CANDIDATOS A VOCALES PRINCIPALES<\/p>\n\n\n\n<p>Blanca Isabel V\u00e1squez Cisneros &#8211; Carlos Ra\u00fal Salazar Alvarado<\/p>\n\n\n\n<p>CANDIDATOS A VOCALES SUPLENTES<\/p>\n\n\n\n<p>Monserrath Del Cisne Espinosa Granda. &#8211; &nbsp;Chardin Reascos Viteri<\/p>\n\n\n\n<figure class=\"wp-block-image size-large\"><img decoding=\"async\" width=\"1024\" height=\"493\" src=\"https:\/\/omcemedios.com\/omce\/wp-content\/uploads\/2025\/06\/LISTA-3-NODO-CULTURA-_n-1024x493.jpg\" alt=\"\" class=\"wp-image-234\" srcset=\"https:\/\/omcemedios.com\/omce\/wp-content\/uploads\/2025\/06\/LISTA-3-NODO-CULTURA-_n-1024x493.jpg 1024w, https:\/\/omcemedios.com\/omce\/wp-content\/uploads\/2025\/06\/LISTA-3-NODO-CULTURA-_n-300x144.jpg 300w, https:\/\/omcemedios.com\/omce\/wp-content\/uploads\/2025\/06\/LISTA-3-NODO-CULTURA-_n-768x370.jpg 768w, https:\/\/omcemedios.com\/omce\/wp-content\/uploads\/2025\/06\/LISTA-3-NODO-CULTURA-_n-1536x739.jpg 1536w, https:\/\/omcemedios.com\/omce\/wp-content\/uploads\/2025\/06\/LISTA-3-NODO-CULTURA-_n-2048x985.jpg 2048w\" sizes=\"(max-width: 1024px) 100vw, 1024px\" \/><\/figure>\n\n\n\n<p>LISTA TRES: NODO CULTURA<\/p>\n\n\n\n<p>CANDIDATO\/A LA DIRECCI\u00d3N<\/p>\n\n\n\n<p>Paola Carolina Cabrera Zuleta<\/p>\n\n\n\n<p>CANDIDATOS A VOCALES PRINCIPALES<\/p>\n\n\n\n<p>Richard Alejandro Su\u00e1rez Ter\u00e1n- Flor Mar\u00eda Bonilla Simba<\/p>\n\n\n\n<p>CANDIDATOS A VOCALES SUPLENTES<\/p>\n\n\n\n<p>Andrea Bel\u00e9n Solano Buitr\u00f3n- Juan Jos\u00e9 Terreros Monteros<\/p>\n\n\n\n<figure class=\"wp-block-image size-large\"><img loading=\"lazy\" decoding=\"async\" width=\"1024\" height=\"874\" src=\"https:\/\/omcemedios.com\/omce\/wp-content\/uploads\/2025\/06\/LISTA-4-ARTES-Y-CULKTURA-EN-MOVIMIENTO-1024x874.jpg\" alt=\"\" class=\"wp-image-235\" srcset=\"https:\/\/omcemedios.com\/omce\/wp-content\/uploads\/2025\/06\/LISTA-4-ARTES-Y-CULKTURA-EN-MOVIMIENTO-1024x874.jpg 1024w, https:\/\/omcemedios.com\/omce\/wp-content\/uploads\/2025\/06\/LISTA-4-ARTES-Y-CULKTURA-EN-MOVIMIENTO-300x256.jpg 300w, https:\/\/omcemedios.com\/omce\/wp-content\/uploads\/2025\/06\/LISTA-4-ARTES-Y-CULKTURA-EN-MOVIMIENTO-768x655.jpg 768w, https:\/\/omcemedios.com\/omce\/wp-content\/uploads\/2025\/06\/LISTA-4-ARTES-Y-CULKTURA-EN-MOVIMIENTO-1536x1310.jpg 1536w, https:\/\/omcemedios.com\/omce\/wp-content\/uploads\/2025\/06\/LISTA-4-ARTES-Y-CULKTURA-EN-MOVIMIENTO.jpg 2048w\" sizes=\"(max-width: 1024px) 100vw, 1024px\" \/><\/figure>\n\n\n\n<p>LISTA CUATRO: ARTES Y CULTURAS EN MOVIMIENTO<\/p>\n\n\n\n<p>CANDIDATO\/A LA DIRECCI\u00d3N<\/p>\n\n\n\n<p>Diana Maritza Ramos Burga<\/p>\n\n\n\n<p>CANDIDATOS A VOCALES PRINCIPALES<\/p>\n\n\n\n<p>Armando Mauricio Chiliquinga Espinosa &#8211; Luis Ulpiano Garc\u00eda Cobos<\/p>\n\n\n\n<p>CANDIDATOS A VOCALES SUPLENTES<\/p>\n\n\n\n<p>Nancy Paola Vel\u00e1squez Cotacachi- Nina Alejandra Muenala Ter\u00e1n<\/p>\n\n\n\n<figure class=\"wp-block-image size-large\"><img loading=\"lazy\" decoding=\"async\" width=\"1024\" height=\"537\" src=\"https:\/\/omcemedios.com\/omce\/wp-content\/uploads\/2025\/06\/LISTA-5-CULTURA-VIVA-1024x537.jpg\" alt=\"\" class=\"wp-image-236\" srcset=\"https:\/\/omcemedios.com\/omce\/wp-content\/uploads\/2025\/06\/LISTA-5-CULTURA-VIVA-1024x537.jpg 1024w, https:\/\/omcemedios.com\/omce\/wp-content\/uploads\/2025\/06\/LISTA-5-CULTURA-VIVA-300x157.jpg 300w, https:\/\/omcemedios.com\/omce\/wp-content\/uploads\/2025\/06\/LISTA-5-CULTURA-VIVA-768x403.jpg 768w, https:\/\/omcemedios.com\/omce\/wp-content\/uploads\/2025\/06\/LISTA-5-CULTURA-VIVA-1536x806.jpg 1536w, https:\/\/omcemedios.com\/omce\/wp-content\/uploads\/2025\/06\/LISTA-5-CULTURA-VIVA.jpg 2048w\" sizes=\"(max-width: 1024px) 100vw, 1024px\" \/><\/figure>\n\n\n\n<p>LISTA CINCO: CULTURA VIVA<\/p>\n\n\n\n<p>Luis Alejandro V\u00e1squez Reina<\/p>\n\n\n\n<p>CANDIDATOS A VOCALES PRINCIPALES<\/p>\n\n\n\n<p>Susana Magdalena D\u00e1vila Navarrete- Jos\u00e9 Francisco Andrade Bastidas<\/p>\n\n\n\n<p>CANDIATOS A LOCALES SUPLENTES<\/p>\n\n\n\n<p>Evelin Alexandra Pita Ter\u00e1n- Crist\u00f3bal Alejandro Bonifaz Pazmi\u00f1o<\/p>\n\n\n\n<figure class=\"wp-block-image size-large\"><img loading=\"lazy\" decoding=\"async\" width=\"1024\" height=\"929\" src=\"https:\/\/omcemedios.com\/omce\/wp-content\/uploads\/2025\/06\/LISTA-6-COALICION-ARTEKULTURA-1024x929.jpg\" alt=\"\" class=\"wp-image-237\" srcset=\"https:\/\/omcemedios.com\/omce\/wp-content\/uploads\/2025\/06\/LISTA-6-COALICION-ARTEKULTURA-1024x929.jpg 1024w, https:\/\/omcemedios.com\/omce\/wp-content\/uploads\/2025\/06\/LISTA-6-COALICION-ARTEKULTURA-300x272.jpg 300w, https:\/\/omcemedios.com\/omce\/wp-content\/uploads\/2025\/06\/LISTA-6-COALICION-ARTEKULTURA-768x697.jpg 768w, https:\/\/omcemedios.com\/omce\/wp-content\/uploads\/2025\/06\/LISTA-6-COALICION-ARTEKULTURA-1536x1394.jpg 1536w, https:\/\/omcemedios.com\/omce\/wp-content\/uploads\/2025\/06\/LISTA-6-COALICION-ARTEKULTURA.jpg 2048w\" sizes=\"(max-width: 1024px) 100vw, 1024px\" \/><\/figure>\n\n\n\n<p>LISTA SEIS: COALICI\u00d3N ARTEKULTURA<\/p>\n\n\n\n<p>CANDIDATO\/A LA DIRECCI\u00d3N<\/p>\n\n\n\n<p>Sergio Xavier Perugachi Ib\u00e1\u00f1ez<\/p>\n\n\n\n<p>CANDIDATOS A VOCALES PRINCIPALES<\/p>\n\n\n\n<p>Jimmy Shtefko Ballesteros G\u00f3mez -Mar\u00eda Patricia Morales Mej\u00eda<\/p>\n\n\n\n<p>CANDIDATOS A VOCALES SUPLENTES<\/p>\n\n\n\n<p>Maryuxi Jazm\u00edn Navarrete Ortega- Marcelo Trujillo Ruano<\/p>\n\n\n\n<figure class=\"wp-block-image size-large\"><img loading=\"lazy\" decoding=\"async\" width=\"1024\" height=\"559\" src=\"https:\/\/omcemedios.com\/omce\/wp-content\/uploads\/2025\/06\/LISTA-7-IMBARTE-1024x559.jpg\" alt=\"\" class=\"wp-image-238\" srcset=\"https:\/\/omcemedios.com\/omce\/wp-content\/uploads\/2025\/06\/LISTA-7-IMBARTE-1024x559.jpg 1024w, https:\/\/omcemedios.com\/omce\/wp-content\/uploads\/2025\/06\/LISTA-7-IMBARTE-300x164.jpg 300w, https:\/\/omcemedios.com\/omce\/wp-content\/uploads\/2025\/06\/LISTA-7-IMBARTE-768x419.jpg 768w, https:\/\/omcemedios.com\/omce\/wp-content\/uploads\/2025\/06\/LISTA-7-IMBARTE-1536x839.jpg 1536w, https:\/\/omcemedios.com\/omce\/wp-content\/uploads\/2025\/06\/LISTA-7-IMBARTE.jpg 2048w\" sizes=\"(max-width: 1024px) 100vw, 1024px\" \/><\/figure>\n\n\n\n<p>LISTA SIETE: IMBARTE<\/p>\n\n\n\n<p>CANDIDATO\/A LA DIRECCI\u00d5N<\/p>\n\n\n\n<p>Marcos Gabriel Hidalgo Carlosama<\/p>\n\n\n\n<p>CANDIDATOS A VOCALES PRINCIPALES<\/p>\n\n\n\n<p>Jean Pierre Paredes Flores &#8211; Dina Josa Beth Y\u00e9pez Carrera<\/p>\n\n\n\n<p>CANDIDATOS A LOCALES SUPLENTES<\/p>\n\n\n\n<p>Sharlyn Pamela Luna Villota- John Eduardo Chiriboga Viana<\/p>\n\n\n\n<p>Son los candidatos de las 7 listas que presentaron la documentaci\u00f3n requerida por la normativa electoral vigente y que constan en los formularios pertinentes.<\/p>\n\n\n\n<p>Para constancia de Io actuado firman la presidenta Dra. Mariana Guzm\u00e1n Villena y la Lcda Mercedes Basantes Salgado, secretaria<\/p>\n\n\n\n<p>Seg\u00fan el cronograma se realizar\u00e1 la calificaci\u00f3n de las candidaturas con subsanaciones ser\u00e1 hasta el 19 de junio de 2025 y luego la presentaci\u00f3n de Impugnaciones para las candidaturas para directorios provinciales ser\u00e1 hasta el 15 de julio y al d\u00eda siguiente comienza la campa\u00f1a electoral hasta el 15 de agosto.<\/p>\n\n\n\n<p>El 16 de agosto de 2025 ser\u00e1n las elecciones de directorios y escrutinio, as\u00ed se cumple que las lecciones sean el tercer s\u00e1bado del mes de agosto y diez d\u00edas despu\u00e9s o sea el 29 de agosto de 2025 ser\u00eda la posesi\u00f3n de los nuevos directorios.<\/p>\n\n\n\n<figure class=\"wp-block-image size-full\"><img loading=\"lazy\" decoding=\"async\" width=\"650\" height=\"650\" src=\"https:\/\/omcemedios.com\/omce\/wp-content\/uploads\/2025\/06\/CCE-.png\" alt=\"\" class=\"wp-image-239\" srcset=\"https:\/\/omcemedios.com\/omce\/wp-content\/uploads\/2025\/06\/CCE-.png 650w, https:\/\/omcemedios.com\/omce\/wp-content\/uploads\/2025\/06\/CCE--300x300.png 300w, https:\/\/omcemedios.com\/omce\/wp-content\/uploads\/2025\/06\/CCE--150x150.png 150w\" sizes=\"(max-width: 650px) 100vw, 650px\" \/><\/figure>\n\n\n\n<p><\/p>\n","protected":false},"excerpt":{"rendered":"<p>La Casa de la Cultura y sus n\u00facleos en las provincias son espacios vitales para el desarrollo art\u00edstico y cultural de las comunidades. Son plataformas que fomentan el talento local, preservan las manifestaciones tradicionales y promueven la participaci\u00f3n ciudadana en la vida cultural del pa\u00eds. Por ello, la selecci\u00f3n de quienes los dirigen debe hacerse [&hellip;]<\/p>\n","protected":false},"author":1,"featured_media":239,"comment_status":"closed","ping_status":"closed","sticky":false,"template":"","format":"standard","meta":{"footnotes":""},"categories":[1],"tags":[],"class_list":["post-229","post","type-post","status-publish","format-standard","has-post-thumbnail","hentry","category-uncategorized"],"_links":{"self":[{"href":"https:\/\/omcemedios.com\/omce\/wp-json\/wp\/v2\/posts\/229","targetHints":{"allow":["GET"]}}],"collection":[{"href":"https:\/\/omcemedios.com\/omce\/wp-json\/wp\/v2\/posts"}],"about":[{"href":"https:\/\/omcemedios.com\/omce\/wp-json\/wp\/v2\/types\/post"}],"author":[{"embeddable":true,"href":"https:\/\/omcemedios.com\/omce\/wp-json\/wp\/v2\/users\/1"}],"replies":[{"embeddable":true,"href":"https:\/\/omcemedios.com\/omce\/wp-json\/wp\/v2\/comments?post=229"}],"version-history":[{"count":2,"href":"https:\/\/omcemedios.com\/omce\/wp-json\/wp\/v2\/posts\/229\/revisions"}],"predecessor-version":[{"id":241,"href":"https:\/\/omcemedios.com\/omce\/wp-json\/wp\/v2\/posts\/229\/revisions\/241"}],"wp:featuredmedia":[{"embeddable":true,"href":"https:\/\/omcemedios.com\/omce\/wp-json\/wp\/v2\/media\/239"}],"wp:attachment":[{"href":"https:\/\/omcemedios.com\/omce\/wp-json\/wp\/v2\/media?parent=229"}],"wp:term":[{"taxonomy":"category","embeddable":true,"href":"https:\/\/omcemedios.com\/omce\/wp-json\/wp\/v2\/categories?post=229"},{"taxonomy":"post_tag","embeddable":true,"href":"https:\/\/omcemedios.com\/omce\/wp-json\/wp\/v2\/tags?post=229"}],"curies":[{"name":"wp","href":"https:\/\/api.w.org\/{rel}","templated":true}]}}