{"id":187,"date":"2025-06-08T15:56:51","date_gmt":"2025-06-08T15:56:51","guid":{"rendered":"https:\/\/omcemedios.com\/omce\/?p=187"},"modified":"2025-06-08T15:56:52","modified_gmt":"2025-06-08T15:56:52","slug":"aprobada-la-ley-de-solidaridad-nacional-para-enfrentar-la-crisis-de-seguridad-en-el-pais","status":"publish","type":"post","link":"https:\/\/omcemedios.com\/omce\/2025\/06\/08\/aprobada-la-ley-de-solidaridad-nacional-para-enfrentar-la-crisis-de-seguridad-en-el-pais\/","title":{"rendered":"APROBADA LA LEY DE SOLIDARIDAD NACIONAL PARA ENFRENTAR LA CRISIS DE SEGURIDAD EN EL PA\u00cdS"},"content":{"rendered":"\n<p>La noche del s\u00e1bado 7 de junio de 2025, el Pleno de la Asamblea Nacional dio un paso decisivo en la lucha contra las econom\u00edas criminales y la inseguridad en Ecuador, al aprobar la Ley de Solidaridad Nacional propuesta por el presidente Daniel Noboa. La normativa obtuvo 84 votos a favor, 1 en blanco, 10 abstenciones y 46 en contra, marcando un momento clave en la respuesta legislativa a la grave crisis de seguridad que atraviesa el pa\u00eds.<\/p>\n\n\n\n<figure class=\"wp-block-image size-large\"><img fetchpriority=\"high\" decoding=\"async\" width=\"1024\" height=\"619\" src=\"https:\/\/omcemedios.com\/omce\/wp-content\/uploads\/2025\/06\/Asamblea-Nacional-aprueba-la-Ley-Organica-de-Solidaridad-Nacional-para-combatir-el-crimen-organizado-en-Ecuador-r6zqw4mky3spxvhlq2l26t3xt2i8ebio568kpd8qc2-1024x619.webp\" alt=\"\" class=\"wp-image-188\" srcset=\"https:\/\/omcemedios.com\/omce\/wp-content\/uploads\/2025\/06\/Asamblea-Nacional-aprueba-la-Ley-Organica-de-Solidaridad-Nacional-para-combatir-el-crimen-organizado-en-Ecuador-r6zqw4mky3spxvhlq2l26t3xt2i8ebio568kpd8qc2-1024x619.webp 1024w, https:\/\/omcemedios.com\/omce\/wp-content\/uploads\/2025\/06\/Asamblea-Nacional-aprueba-la-Ley-Organica-de-Solidaridad-Nacional-para-combatir-el-crimen-organizado-en-Ecuador-r6zqw4mky3spxvhlq2l26t3xt2i8ebio568kpd8qc2-300x181.webp 300w, https:\/\/omcemedios.com\/omce\/wp-content\/uploads\/2025\/06\/Asamblea-Nacional-aprueba-la-Ley-Organica-de-Solidaridad-Nacional-para-combatir-el-crimen-organizado-en-Ecuador-r6zqw4mky3spxvhlq2l26t3xt2i8ebio568kpd8qc2-768x464.webp 768w, https:\/\/omcemedios.com\/omce\/wp-content\/uploads\/2025\/06\/Asamblea-Nacional-aprueba-la-Ley-Organica-de-Solidaridad-Nacional-para-combatir-el-crimen-organizado-en-Ecuador-r6zqw4mky3spxvhlq2l26t3xt2i8ebio568kpd8qc2.webp 1200w\" sizes=\"(max-width: 1024px) 100vw, 1024px\" \/><\/figure>\n\n\n\n<p>La sesi\u00f3n estuvo impregnada de un fuerte simbolismo y carga pol\u00edtica. El presidente de la Asamblea, Niels Olsen, abri\u00f3 el encuentro con un minuto de silencio en memoria de los cuatro comerciantes secuestrados y hallados sin vida en una cisterna en Guayaquil, as\u00ed como por los polic\u00edas que capturaron a los sospechosos del caso y posteriormente fueron liberados. Este acto reflej\u00f3 la gravedad de la situaci\u00f3n y la urgencia de implementar medidas efectivas.<\/p>\n\n\n\n<p>El contexto de la aprobaci\u00f3n se enmarca en una situaci\u00f3n de crisis profunda. Desde que el presidente Daniel Noboa declar\u00f3 el conflicto armado interno en enero de 2024, Ecuador ha enfrentado un recrudecimiento de la violencia, impulsado por la confrontaci\u00f3n con organizaciones criminales transnacionales vinculadas al narcotr\u00e1fico. Las tasas de homicidio alcanzan niveles sin precedentes, con proyecciones que indican que el pa\u00eds cerrar\u00e1 el a\u00f1o con m\u00e1s de 53 muertes violentas por cada 100.000 habitantes, superando ampliamente el promedio regional.<\/p>\n\n\n\n<p>La Ley de Solidaridad Nacional, que tambi\u00e9n fue aprobada en su segundo debate por la Comisi\u00f3n de Seguridad y remitida al Pleno, cuenta con el respaldo un\u00e1nime en esa instancia, donde tanto oficialistas como opositores coincidieron en su importancia. La normativa fue defendida por la asamble\u00edsta Valentina Centeno (ADN), presidenta de la Comisi\u00f3n de Desarrollo Econ\u00f3mico, quien destac\u00f3 que la ley busca fortalecer las capacidades del Estado para responder con contundencia a la criminalidad.<\/p>\n\n\n\n<p>Entre las principales medidas establecidas en la ley se encuentran la ampliaci\u00f3n de los plazos para casos de flagrancia, la obligatoriedad de prisi\u00f3n preventiva en delitos relacionados con crimen organizado y la especializaci\u00f3n de jueces y fiscales seg\u00fan el tipo de delito. El objetivo, seg\u00fan expresaron las autoridades, es ofrecer una respuesta efectiva del aparato judicial y de las fuerzas del orden para reducir la violencia y garantizar la seguridad de los ciudadanos.<\/p>\n\n\n<div class=\"wp-block-image\">\n<figure class=\"alignright size-full is-resized\"><img decoding=\"async\" width=\"1008\" height=\"567\" src=\"https:\/\/omcemedios.com\/omce\/wp-content\/uploads\/2025\/06\/asambleajpg.jpg\" alt=\"\" class=\"wp-image-189\" style=\"width:362px;height:auto\" srcset=\"https:\/\/omcemedios.com\/omce\/wp-content\/uploads\/2025\/06\/asambleajpg.jpg 1008w, https:\/\/omcemedios.com\/omce\/wp-content\/uploads\/2025\/06\/asambleajpg-300x169.jpg 300w, https:\/\/omcemedios.com\/omce\/wp-content\/uploads\/2025\/06\/asambleajpg-768x432.jpg 768w\" sizes=\"(max-width: 1008px) 100vw, 1008px\" \/><\/figure>\n<\/div>\n\n\n<p>La aprobaci\u00f3n de esta ley representa un paso crucial en el combate a las econom\u00edas criminales y la inseguridad, en un contexto donde el pa\u00eds requiere acciones decididas y coordinadas para revertir la alarmante tendencia de violencia.<\/p>\n\n\n\n<p><\/p>\n","protected":false},"excerpt":{"rendered":"<p>La noche del s\u00e1bado 7 de junio de 2025, el Pleno de la Asamblea Nacional dio un paso decisivo en la lucha contra las econom\u00edas criminales y la inseguridad en Ecuador, al aprobar la Ley de Solidaridad Nacional propuesta por el presidente Daniel Noboa. La normativa obtuvo 84 votos a favor, 1 en blanco, 10 [&hellip;]<\/p>\n","protected":false},"author":1,"featured_media":189,"comment_status":"closed","ping_status":"closed","sticky":false,"template":"","format":"standard","meta":{"footnotes":""},"categories":[3],"tags":[],"class_list":["post-187","post","type-post","status-publish","format-standard","has-post-thumbnail","hentry","category-omcealdia"],"_links":{"self":[{"href":"https:\/\/omcemedios.com\/omce\/wp-json\/wp\/v2\/posts\/187","targetHints":{"allow":["GET"]}}],"collection":[{"href":"https:\/\/omcemedios.com\/omce\/wp-json\/wp\/v2\/posts"}],"about":[{"href":"https:\/\/omcemedios.com\/omce\/wp-json\/wp\/v2\/types\/post"}],"author":[{"embeddable":true,"href":"https:\/\/omcemedios.com\/omce\/wp-json\/wp\/v2\/users\/1"}],"replies":[{"embeddable":true,"href":"https:\/\/omcemedios.com\/omce\/wp-json\/wp\/v2\/comments?post=187"}],"version-history":[{"count":1,"href":"https:\/\/omcemedios.com\/omce\/wp-json\/wp\/v2\/posts\/187\/revisions"}],"predecessor-version":[{"id":190,"href":"https:\/\/omcemedios.com\/omce\/wp-json\/wp\/v2\/posts\/187\/revisions\/190"}],"wp:featuredmedia":[{"embeddable":true,"href":"https:\/\/omcemedios.com\/omce\/wp-json\/wp\/v2\/media\/189"}],"wp:attachment":[{"href":"https:\/\/omcemedios.com\/omce\/wp-json\/wp\/v2\/media?parent=187"}],"wp:term":[{"taxonomy":"category","embeddable":true,"href":"https:\/\/omcemedios.com\/omce\/wp-json\/wp\/v2\/categories?post=187"},{"taxonomy":"post_tag","embeddable":true,"href":"https:\/\/omcemedios.com\/omce\/wp-json\/wp\/v2\/tags?post=187"}],"curies":[{"name":"wp","href":"https:\/\/api.w.org\/{rel}","templated":true}]}}