{"id":158,"date":"2025-06-01T18:45:00","date_gmt":"2025-06-01T18:45:00","guid":{"rendered":"https:\/\/omcemedios.com\/omce\/?p=158"},"modified":"2025-06-01T18:45:01","modified_gmt":"2025-06-01T18:45:01","slug":"marcelo-de-la-torre-un-ejemplo-de-esperanza-y-perseverancia","status":"publish","type":"post","link":"https:\/\/omcemedios.com\/omce\/2025\/06\/01\/marcelo-de-la-torre-un-ejemplo-de-esperanza-y-perseverancia\/","title":{"rendered":"MARCELO DE LA TORRE: UN EJEMPLO DE ESPERANZA Y PERSEVERANCIA"},"content":{"rendered":"\n<p><\/p>\n\n\n\n<p><a>Pedro<\/a> Marcelo de la Torre, nacido el 01 de noviembre 1960 en las f\u00e9rtiles tierras de Otavalo, precisamente en el caser\u00edo la Esperanza, propiedad de la ex. Hacienda Pinsaqu\u00ed, ahora comunidad San Luis de Agualongo, parroquia rural San Juan de Ilum\u00e1n, es un s\u00edmbolo de optimismo y resistencia para toda su comunidad.<\/p>\n\n\n<div class=\"wp-block-image\">\n<figure class=\"alignleft size-full\"><img fetchpriority=\"high\" decoding=\"async\" width=\"445\" height=\"562\" src=\"https:\/\/omcemedios.com\/omce\/wp-content\/uploads\/2025\/06\/fotobuena.jpeg\" alt=\"\" class=\"wp-image-159\" srcset=\"https:\/\/omcemedios.com\/omce\/wp-content\/uploads\/2025\/06\/fotobuena.jpeg 445w, https:\/\/omcemedios.com\/omce\/wp-content\/uploads\/2025\/06\/fotobuena-238x300.jpeg 238w\" sizes=\"(max-width: 445px) 100vw, 445px\" \/><\/figure>\n<\/div>\n\n\n<p>Hijo de Mar\u00eda Carmen De la Torre y de Don Julio C\u00e9sar Enr\u00edquez, Su esposa Do\u00f1a Mar\u00eda Rosa Elena Titua\u00f1a con quien procre\u00f3 7 hijos, 4 hombres y 3 mujeres, todos ellos ahora profesionales.<\/p>\n\n\n\n<p>Como orgulloso kichwa otavale\u00f1o, desde sus humildes ra\u00edces ha viajado a Colombia, Venezuela, Brasil, M\u00e9xico, Espa\u00f1a, Italia, Holanda, Miami Estados Unidos de Norteam\u00e9rica, demostrado que, con dedicaci\u00f3n, esfuerzo y fe en uno mismo, los sue\u00f1os pueden hacerse realidad.<\/p>\n\n\n\n<p>Durante m\u00e1s de 50 a\u00f1os, Marcelo ha sido un incansable luchador por los derechos de los artesanos ind\u00edgenas, defendiendo sus tradiciones, su identidad y su dignidad con pasi\u00f3n y compromiso.<\/p>\n\n\n\n<p>Su historia es un testimonio de superaci\u00f3n. No fue reconocido como hijo leg\u00edtimo de su padre, sin embargo, a pesar de las dificultades econ\u00f3micas y sociales, nunca perdi\u00f3 la esperanza ni la voluntad de avanzar. Gracias a su perseverancia, logr\u00f3 obtener su t\u00edtulo de Ingeniero Forestal, un logro que llena de orgullo a su comunidad y que demuestra que el esfuerzo constante puede transformar vidas.<\/p>\n\n\n\n<p>Como padre de siete hijos, quienes siendo profesionales se encuentran sirviendo en diferentes partes del mundo , Marcelo no solo ha sido un ejemplo de trabajo y dedicaci\u00f3n, sino tambi\u00e9n un gu\u00eda que inspira a sus hijos a seguir sus pasos y a valorar sus ra\u00edces culturales.<\/p>\n\n\n<div class=\"wp-block-image\">\n<figure class=\"alignright size-large is-resized\"><img decoding=\"async\" width=\"1024\" height=\"768\" src=\"https:\/\/omcemedios.com\/omce\/wp-content\/uploads\/2025\/06\/con-asamblke-1024x768.jpeg\" alt=\"\" class=\"wp-image-160\" style=\"width:451px;height:auto\" srcset=\"https:\/\/omcemedios.com\/omce\/wp-content\/uploads\/2025\/06\/con-asamblke-1024x768.jpeg 1024w, https:\/\/omcemedios.com\/omce\/wp-content\/uploads\/2025\/06\/con-asamblke-300x225.jpeg 300w, https:\/\/omcemedios.com\/omce\/wp-content\/uploads\/2025\/06\/con-asamblke-768x576.jpeg 768w, https:\/\/omcemedios.com\/omce\/wp-content\/uploads\/2025\/06\/con-asamblke-1536x1152.jpeg 1536w, https:\/\/omcemedios.com\/omce\/wp-content\/uploads\/2025\/06\/con-asamblke.jpeg 1600w\" sizes=\"(max-width: 1024px) 100vw, 1024px\" \/><\/figure>\n<\/div>\n\n\n<p>Reconocido por la ciudadan\u00eda por su incansable labor y su esp\u00edritu solidario, Marcelo de la Torre contin\u00faa siendo un faro de esperanza para todos los que creen en el poder de la lucha y la superaci\u00f3n.<\/p>\n\n\n\n<p>Su historia nos invita a mirar hacia el futuro con optimismo, confiando en que, con esfuerzo y amor por nuestras ra\u00edces, podemos construir un mundo mejor para las pr\u00f3ximas generaciones.<\/p>\n\n\n\n<p>En a\u00f1o de 1981, el Padre Carlos Coba de Cotacachi y Lcdo. Luis Ter\u00e1n de Atuntaqui, visitaban a las comunidades promoviendo la educaci\u00f3n superior para que matriculen en la Pontificia Universidad Cat\u00f3lica sede Ibarra. Raz\u00f3n por la que se matricul\u00f3 alcanzando \u00fanicamente el 4 semestre en la especializaci\u00f3n de Lenguas y Ling\u00fc\u00edstica.<\/p>\n\n\n<div class=\"wp-block-image\">\n<figure class=\"alignright size-large\"><img decoding=\"async\" width=\"1024\" height=\"768\" src=\"https:\/\/omcemedios.com\/omce\/wp-content\/uploads\/2025\/06\/con-mmujer-1024x768.jpeg\" alt=\"\" class=\"wp-image-161\" srcset=\"https:\/\/omcemedios.com\/omce\/wp-content\/uploads\/2025\/06\/con-mmujer-1024x768.jpeg 1024w, https:\/\/omcemedios.com\/omce\/wp-content\/uploads\/2025\/06\/con-mmujer-300x225.jpeg 300w, https:\/\/omcemedios.com\/omce\/wp-content\/uploads\/2025\/06\/con-mmujer-768x576.jpeg 768w, https:\/\/omcemedios.com\/omce\/wp-content\/uploads\/2025\/06\/con-mmujer-1536x1152.jpeg 1536w, https:\/\/omcemedios.com\/omce\/wp-content\/uploads\/2025\/06\/con-mmujer.jpeg 1600w\" sizes=\"(max-width: 1024px) 100vw, 1024px\" \/><\/figure>\n<\/div>\n\n\n<p>Siempre era su sue\u00f1o \u201cterminar la carrera Universitaria\u201d que por la situaci\u00f3n econ\u00f3mica no pudo alcanzarlo en su tiempo.<\/p>\n\n\n\n<p>En el a\u00f1o 2016, la FENOCIN logra hacer convenio con la Universidad de UNIVAL de Nicaragua, para apoyar a muchos estudiantes que de una u otra forma no pudieron culminar sus estudios de tercer nivel, aprovech\u00f3 esa oportunidad para matricularse y culminar sus estudios en ingenier\u00eda. Menci\u00f3n Agroindustrial, debidamente registrada en la SENESCYT.<\/p>\n\n\n<div class=\"wp-block-image\">\n<figure class=\"alignright size-large is-resized\"><img loading=\"lazy\" decoding=\"async\" width=\"1024\" height=\"768\" src=\"https:\/\/omcemedios.com\/omce\/wp-content\/uploads\/2025\/06\/con-diplo-1024x768.jpeg\" alt=\"\" class=\"wp-image-162\" style=\"width:343px;height:auto\" srcset=\"https:\/\/omcemedios.com\/omce\/wp-content\/uploads\/2025\/06\/con-diplo-1024x768.jpeg 1024w, https:\/\/omcemedios.com\/omce\/wp-content\/uploads\/2025\/06\/con-diplo-300x225.jpeg 300w, https:\/\/omcemedios.com\/omce\/wp-content\/uploads\/2025\/06\/con-diplo-768x576.jpeg 768w, https:\/\/omcemedios.com\/omce\/wp-content\/uploads\/2025\/06\/con-diplo-1536x1152.jpeg 1536w, https:\/\/omcemedios.com\/omce\/wp-content\/uploads\/2025\/06\/con-diplo.jpeg 1600w\" sizes=\"(max-width: 1024px) 100vw, 1024px\" \/><\/figure>\n<\/div>\n\n\n<p>Ese logro estudiantil lo record\u00f3 cuando fue posesionado como presidente de la FENACA Federaci\u00f3n Nacional de Artesanos del Ecuador, en Asamblea Nacional, momentos que recuerda siempre ya que el Ab. Jos\u00e9 Manuel Quimbo, en su intervenci\u00f3n reconoci\u00f3 \u201csu liderazgo y dijo que viene desde muy abajo para que hoy sea presidente ejecutivo de esta organizaci\u00f3n nacional\u201d<\/p>\n\n\n\n<p>En el Salon Mejia lequerica de la Asamblea Nacional del Ecuador fue el escenario de un acto solemne que honr\u00f3  a \u00e9ste destacado l\u00edder ind\u00edgena otavale\u00f1o, Marcelo de la Torre, quien fue galardonado con la prestigiosa Condecoraci\u00f3n \u201cGran Cruz Andina\u201d. <\/p>\n\n\n\n<p>Este reconocimiento, entregado por la Red de Organizaciones Sociales del Ecuador en colaboraci\u00f3n con Renovaci\u00f3n Ecuador Democr\u00e1tica, destaca su incansable liderazgo y compromiso con los derechos colectivos de los pueblos originarios del pa\u00eds.\u00a0 Este homenaje no solo reconoce sus logros, sino tambi\u00e9n su ejemplo de liderazgo \u00e9tico y compromiso social. La ceremonia en la Asamblea Nacional ser\u00e1 un momento para celebrar su trayectoria y reafirmar la importancia de continuar trabajando por la justicia social y el reconocimiento de los derechos colectivos en Ecuador<\/p>\n\n\n\n<figure class=\"wp-block-image size-large\"><img loading=\"lazy\" decoding=\"async\" width=\"1024\" height=\"768\" src=\"https:\/\/omcemedios.com\/omce\/wp-content\/uploads\/2025\/06\/con-asmanke-1024x768.jpeg\" alt=\"\" class=\"wp-image-163\" srcset=\"https:\/\/omcemedios.com\/omce\/wp-content\/uploads\/2025\/06\/con-asmanke-1024x768.jpeg 1024w, https:\/\/omcemedios.com\/omce\/wp-content\/uploads\/2025\/06\/con-asmanke-300x225.jpeg 300w, https:\/\/omcemedios.com\/omce\/wp-content\/uploads\/2025\/06\/con-asmanke-768x576.jpeg 768w, https:\/\/omcemedios.com\/omce\/wp-content\/uploads\/2025\/06\/con-asmanke-1536x1152.jpeg 1536w, https:\/\/omcemedios.com\/omce\/wp-content\/uploads\/2025\/06\/con-asmanke.jpeg 1600w\" sizes=\"(max-width: 1024px) 100vw, 1024px\" \/><\/figure>\n","protected":false},"excerpt":{"rendered":"<p>Pedro Marcelo de la Torre, nacido el 01 de noviembre 1960 en las f\u00e9rtiles tierras de Otavalo, precisamente en el caser\u00edo la Esperanza, propiedad de la ex. Hacienda Pinsaqu\u00ed, ahora comunidad San Luis de Agualongo, parroquia rural San Juan de Ilum\u00e1n, es un s\u00edmbolo de optimismo y resistencia para toda su comunidad. Hijo de Mar\u00eda [&hellip;]<\/p>\n","protected":false},"author":1,"featured_media":163,"comment_status":"closed","ping_status":"closed","sticky":false,"template":"","format":"standard","meta":{"footnotes":""},"categories":[3],"tags":[],"class_list":["post-158","post","type-post","status-publish","format-standard","has-post-thumbnail","hentry","category-omcealdia"],"_links":{"self":[{"href":"https:\/\/omcemedios.com\/omce\/wp-json\/wp\/v2\/posts\/158","targetHints":{"allow":["GET"]}}],"collection":[{"href":"https:\/\/omcemedios.com\/omce\/wp-json\/wp\/v2\/posts"}],"about":[{"href":"https:\/\/omcemedios.com\/omce\/wp-json\/wp\/v2\/types\/post"}],"author":[{"embeddable":true,"href":"https:\/\/omcemedios.com\/omce\/wp-json\/wp\/v2\/users\/1"}],"replies":[{"embeddable":true,"href":"https:\/\/omcemedios.com\/omce\/wp-json\/wp\/v2\/comments?post=158"}],"version-history":[{"count":1,"href":"https:\/\/omcemedios.com\/omce\/wp-json\/wp\/v2\/posts\/158\/revisions"}],"predecessor-version":[{"id":164,"href":"https:\/\/omcemedios.com\/omce\/wp-json\/wp\/v2\/posts\/158\/revisions\/164"}],"wp:featuredmedia":[{"embeddable":true,"href":"https:\/\/omcemedios.com\/omce\/wp-json\/wp\/v2\/media\/163"}],"wp:attachment":[{"href":"https:\/\/omcemedios.com\/omce\/wp-json\/wp\/v2\/media?parent=158"}],"wp:term":[{"taxonomy":"category","embeddable":true,"href":"https:\/\/omcemedios.com\/omce\/wp-json\/wp\/v2\/categories?post=158"},{"taxonomy":"post_tag","embeddable":true,"href":"https:\/\/omcemedios.com\/omce\/wp-json\/wp\/v2\/tags?post=158"}],"curies":[{"name":"wp","href":"https:\/\/api.w.org\/{rel}","templated":true}]}}