{"id":151,"date":"2025-06-01T17:05:03","date_gmt":"2025-06-01T17:05:03","guid":{"rendered":"https:\/\/omcemedios.com\/omce\/?p=151"},"modified":"2025-06-01T17:19:11","modified_gmt":"2025-06-01T17:19:11","slug":"el-dialogo-en-la-democracia-un-elemento-vital","status":"publish","type":"post","link":"https:\/\/omcemedios.com\/omce\/2025\/06\/01\/el-dialogo-en-la-democracia-un-elemento-vital\/","title":{"rendered":"EL  DI\u00c1LOGO EN LA DEMOCRACIA: Un Elemento vital."},"content":{"rendered":"\n<p>El Gobierno Aut\u00f3nomo Descentralizado (GAD) de Otavalo est\u00e1 enfrentando una crisis de confianza y   di\u00e1logo  como un elemento central de la democracia, ya que una buena  comunicaci\u00f3n, comprensi\u00f3n y  consenso entre los diferentes actores pol\u00edticos y sociales ,no existiera problemas internos que afecten la gesti\u00f3n municipal y la percepci\u00f3n ciudadana. <\/p>\n\n\n<div class=\"wp-block-image\">\n<figure class=\"alignright size-full is-resized\"><img fetchpriority=\"high\" decoding=\"async\" width=\"259\" height=\"194\" src=\"https:\/\/omcemedios.com\/omce\/wp-content\/uploads\/2025\/06\/concejlaes-de-otavlo.jpeg\" alt=\"\" class=\"wp-image-153\" style=\"width:205px;height:auto\"\/><\/figure>\n<\/div>\n\n\n<p>La relaci\u00f3n entre la alcaldesa y algunos concejales es deficiente, caracterizada por una comunicaci\u00f3n mala y una colaboraci\u00f3n ineficaz. Esto, genera un clima de desconfianza y desafecci\u00f3n en la ciudadan\u00eda, que siente que sus necesidades y prioridades no est\u00e1n siendo escuchadas .<\/p>\n\n\n\n<p>La exigua relaci\u00f3n entre la alcaldesa y los concejales principalmente de \u201coposici\u00f3n\u201d ,impide la toma de decisiones efectivas  para el desarrollo del municipio. La falta de consenso y cooperaci\u00f3n limita la capacidad del GAD para responder a las demandas de la poblaci\u00f3n.<\/p>\n\n\n\n<p>Parece que \u201cnuestras autoridades, est\u00e1n priorizando intereses pol\u00edticos personales, o de grupo, en lugar del bienestar general\u201d . Faltas para no hacer quorum, y tomar decisiones importantes. (est\u00e1n multados con 220,oo ,los concejales que estando en la municipalidad,no acudieron a la sesi\u00f3n para nombrar vicealcalde ),insultos, tras , como \u201djudas\u201d ,\u201ctraicionero\u201d, \u201cfalta de palabra\u201d o en debates \u201calzan la voz\u201d y minimizan la opini\u00f3n de otro concejal, o \u201cest\u00e1 cansado o arrepentido haber sido electo concejal\u201d , \u201dintentan silenciarme\u201d \u201dme bajan el volumen\u201d ,\u201dhan vulnerado mis derechos\u201d ,\u201dno me callar\u00e1n\u201d, \u201ccuando les conviene trasmiten\u201d, estos t\u00e9rminos y otros han llevado a una sensaci\u00f3n de fraude y desilusi\u00f3n a los otavale\u00f1os , afectando la legitimidad del gobierno.<\/p>\n\n\n<div class=\"wp-block-image\">\n<figure class=\"alignleft size-full is-resized\"><img decoding=\"async\" width=\"266\" height=\"190\" src=\"https:\/\/omcemedios.com\/omce\/wp-content\/uploads\/2025\/06\/concejo-muncipal-otavalo.jpg\" alt=\"\" class=\"wp-image-154\" style=\"width:285px;height:auto\"\/><\/figure>\n<\/div>\n\n\n<p>No es percepci\u00f3n esto, algunos actores buscan protagonismo para fines electorales, ya sea para obtener la reelecci\u00f3n o presentarse como candidatos en futuras elecciones y est\u00e1n en su derecho, pero en su tiempo y que no distraigan sus tareas administrativas y\/o de gesti\u00f3n legislativa y de fiscalizaci\u00f3n, comprometiendo el cumplimiento de obras y programas esenciales.<\/p>\n\n\n\n<p>Un concejal es parte importante de la administraci\u00f3n, si \u00e9sta, va mal, el trabajo del concejal va mal. Que no sea, que la campa\u00f1a electoral anticipada para 2027 ya est\u00e9 influyendo en las decisiones y actitudes, desviando la atenci\u00f3n del trabajo por el bienestar del pueblo que est\u00e1 muy pendiente.<\/p>\n\n\n\n<p>Es fundamental que las autoridades municipales prioricen el cumplimiento de sus obligaciones administrativas, legales y de fiscalizaci\u00f3n efectiva. La colaboraci\u00f3n entre la alcaldesa y los concejales debe centrarse en el inter\u00e9s colectivo, dejando de lado intereses particulares o electoralistas como a la ciudadan\u00eda lo ofrecieron todos, en su tiempo de campa\u00f1a.<\/p>\n\n\n\n<p>La ciudadan\u00eda exige transparencia, trabajo y resultados concretos en obras y servicios, el bienestar de Otavalo depende de la responsabilidad y compromiso de sus l\u00edderes. Si a ellos les va bien, la ciudad crecer\u00e1 y mejorar\u00e1 la calidad de vida de todos. Por ello, se hace un llamado a que todos los actores pol\u00edticos y administrativos act\u00faen con madurez, integridad y compromiso durante estos \u00faltimos 18 meses de gesti\u00f3n, poniendo por encima de todo el inter\u00e9s de Otavalo y el desarrollo del municipio.<\/p>\n\n\n<div class=\"wp-block-image\">\n<figure class=\"aligncenter size-full\"><img decoding=\"async\" width=\"600\" height=\"400\" src=\"https:\/\/omcemedios.com\/omce\/wp-content\/uploads\/2025\/06\/Consejo-Municipal-Otavalo.jpg\" alt=\"\" class=\"wp-image-155\" srcset=\"https:\/\/omcemedios.com\/omce\/wp-content\/uploads\/2025\/06\/Consejo-Municipal-Otavalo.jpg 600w, https:\/\/omcemedios.com\/omce\/wp-content\/uploads\/2025\/06\/Consejo-Municipal-Otavalo-300x200.jpg 300w\" sizes=\"(max-width: 600px) 100vw, 600px\" \/><\/figure>\n<\/div>\n\n\n<p>Superar esta crisis requiere un esfuerzo conjunto, un cambio en la actitud y en la orientaci\u00f3n de la gesti\u00f3n, y un compromiso ciudadano responsable. La reactivaci\u00f3n del trabajo, la transparencia. la cooperaci\u00f3n institucional y la participaci\u00f3n ciudadana activa, ser\u00e1n clave para que Otavalo pueda avanzar y cumplir con sus metas, beneficiando a toda su poblaci\u00f3n.<\/p>\n","protected":false},"excerpt":{"rendered":"<p>El Gobierno Aut\u00f3nomo Descentralizado (GAD) de Otavalo est\u00e1 enfrentando una crisis de confianza y di\u00e1logo como un elemento central de la democracia, ya que una buena comunicaci\u00f3n, comprensi\u00f3n y consenso entre los diferentes actores pol\u00edticos y sociales ,no existiera problemas internos que afecten la gesti\u00f3n municipal y la percepci\u00f3n ciudadana. La relaci\u00f3n entre la alcaldesa [&hellip;]<\/p>\n","protected":false},"author":1,"featured_media":154,"comment_status":"closed","ping_status":"closed","sticky":false,"template":"","format":"standard","meta":{"footnotes":""},"categories":[3],"tags":[],"class_list":["post-151","post","type-post","status-publish","format-standard","has-post-thumbnail","hentry","category-omcealdia"],"_links":{"self":[{"href":"https:\/\/omcemedios.com\/omce\/wp-json\/wp\/v2\/posts\/151","targetHints":{"allow":["GET"]}}],"collection":[{"href":"https:\/\/omcemedios.com\/omce\/wp-json\/wp\/v2\/posts"}],"about":[{"href":"https:\/\/omcemedios.com\/omce\/wp-json\/wp\/v2\/types\/post"}],"author":[{"embeddable":true,"href":"https:\/\/omcemedios.com\/omce\/wp-json\/wp\/v2\/users\/1"}],"replies":[{"embeddable":true,"href":"https:\/\/omcemedios.com\/omce\/wp-json\/wp\/v2\/comments?post=151"}],"version-history":[{"count":1,"href":"https:\/\/omcemedios.com\/omce\/wp-json\/wp\/v2\/posts\/151\/revisions"}],"predecessor-version":[{"id":156,"href":"https:\/\/omcemedios.com\/omce\/wp-json\/wp\/v2\/posts\/151\/revisions\/156"}],"wp:featuredmedia":[{"embeddable":true,"href":"https:\/\/omcemedios.com\/omce\/wp-json\/wp\/v2\/media\/154"}],"wp:attachment":[{"href":"https:\/\/omcemedios.com\/omce\/wp-json\/wp\/v2\/media?parent=151"}],"wp:term":[{"taxonomy":"category","embeddable":true,"href":"https:\/\/omcemedios.com\/omce\/wp-json\/wp\/v2\/categories?post=151"},{"taxonomy":"post_tag","embeddable":true,"href":"https:\/\/omcemedios.com\/omce\/wp-json\/wp\/v2\/tags?post=151"}],"curies":[{"name":"wp","href":"https:\/\/api.w.org\/{rel}","templated":true}]}}